{"id":637232,"date":"2026-08-18T00:16:18","date_gmt":"2026-08-18T00:16:18","guid":{"rendered":"https:\/\/www.europesays.com\/it\/637232\/"},"modified":"2026-08-18T00:16:18","modified_gmt":"2026-08-18T00:16:18","slug":"vittorino-gallo-esce-per-raccogliere-funghi-ma-non-rientra-a-casa-alla-moglie-dice-di-essersi-perso-il-68enne-di-pianiga-trovato-morto-in-un-canale","status":"publish","type":"post","link":"https:\/\/www.europesays.com\/it\/637232\/","title":{"rendered":"Vittorino Gallo esce per raccogliere funghi ma non rientra a casa, alla moglie dice di essersi perso: il 68enne di Pianiga trovato morto in un canale"},"content":{"rendered":"<p>ROCCA PIETRONE (BELLUNO) &#8211; Dopo ore di ricerche Vittorino Gallo\u00a068enne di Pianiga (Venezia), \u00e8 stato trovato <a href=\"https:\/\/www.ilgazzettino.it\/t\/morto\" rel=\"nofollow noopener\" target=\"_blank\">morto<\/a> nell&#8217;area intorno al rifugio Migon, all&#8217;altezza di Davedino. <\/p>\n<p>L&#8217;uomo era uscito di casa la mattina\u00a0per andare a raccogliere funghi, ma non ha pi\u00f9 fatto ritorno. Alla moglie aveva detto di essersi perso, poi il suo cellulare \u00e8 suonato a vuoto finch\u00e9 si \u00e8 spento, probabilmente perch\u00e9 scarico.\u00a0<br \/>\n    &#13;<\/p>\n<p>APPROFONDIMENTI<\/p>\n<p>&#13;<\/p>\n<p>                            &#13;<br \/>\n                                            &#13;<br \/>\n                            <a href=\"https:\/\/www.ilgazzettino.it\/nordest\/belluno\/disperso_anziano_spalti_di_toro_morto_scomparso_ricerche_domegge-9709767.html\" rel=\"nofollow noopener\" target=\"_blank\">&#13;<br \/>\n                                                                <img decoding=\"async\" src=\"https:\/\/www.europesays.com\/it\/wp-content\/uploads\/2026\/08\/9709767_16122302_disperso_anziano_spalti_di_toro_scomparso_ricerche_domegge.jpg\"\/>&#13;<br \/>\n                            <\/a>&#13;<br \/>\n                        &#13;<br \/>\n                                        &#13;<\/p>\n<p>        &#13;<\/p>\n<p> I soccorsi <\/p>\n<p>Oltre sessanta persone del Soccorso alpino di Val Pettorina, Agordo, Alleghe &#8211; Val Fiorentina, Livinallongo, Soccorso alpino della Guardia di finanza, vigili del fuoco di Caprile, Agordo, Colle Santa Lucia e Belluno, con 7 unit\u00e0 cinofile del Cnsas e del Sagf di Cortina e Passo Rolle, avevano quindi intrapreso le perlustrazioni, con il supporto dei sorvoli dall&#8217;alto dei due elicotteri della Guardia di finanza di Bolzano e Venezia, dell&#8217;elicottero dei vigili del fuoco e del B3 convenzionato con il Soccorso alpino Dolomiti Bellunesi.<\/p>\n<p>Nel momento in cui si \u00e8 risaliti alla tracciabilit\u00e0 del cellulare ed \u00e8 emerso che l&#8217;ultima cella agganciata era quella di Punta Rocca, si \u00e8 capito che poteva trovarsi dalla parte di Malga Laste e tutte le squadre si sono concentrate in quella zona.<\/p>\n<p>Il ritrovamento <\/p>\n<p>A individuare il corpo, su un ghiaione in fondo a un canale, durante una ricognizione dall&#8217;alto, \u00e8 stato il personale del Soccorso alpino della Val Pettorina a bordo dell&#8217;elicottero B3. L&#8217;uomo, sceso nella zona del Col Toront, era scivolato ruzzolando fino in fondo al canale, sopra l&#8217;abitato di Davedino. Ottenuto il nulla osta per la rimozione, il recupero \u00e8 stato ultimato con l&#8217;elicottero dei vigili del fuoco.<\/p>\n","protected":false},"excerpt":{"rendered":"ROCCA PIETRONE (BELLUNO) &#8211; Dopo ore di ricerche Vittorino Gallo\u00a068enne di Pianiga (Venezia), \u00e8 stato trovato morto nell&#8217;area&hellip;\n","protected":false},"author":3,"featured_media":637233,"comment_status":"","ping_status":"","sticky":false,"template":"","format":"standard","meta":{"footnotes":"","_share_on_mastodon":"0"},"categories":[6],"tags":[14,8,1537,90,89,300,7,15,82,9,83,10,351974,13,11,80,84,12,81,85],"class_list":["post-637232","post","type-post","status-publish","format-standard","has-post-thumbnail","category-ultime-notizie","tag-cronaca","tag-headlines","tag-it","tag-italia","tag-italy","tag-morto","tag-news","tag-notizie","tag-notizie-di-cronaca","tag-notizie-principali","tag-notiziedicronaca","tag-notizieprincipali","tag-rocca-pietrone","tag-titoli","tag-ultime-notizie","tag-ultime-notizie-di-cronaca","tag-ultime-notizie-e-news-di-oggi","tag-ultimenotizie","tag-ultimenotiziedicronaca","tag-ultimenotizieenewsdioggi"],"share_on_mastodon":{"url":"https:\/\/pubeurope.com\/@it\/117113637978805370","error":""},"_links":{"self":[{"href":"https:\/\/www.europesays.com\/it\/wp-json\/wp\/v2\/posts\/637232","targetHints":{"allow":["GET"]}}],"collection":[{"href":"https:\/\/www.europesays.com\/it\/wp-json\/wp\/v2\/posts"}],"about":[{"href":"https:\/\/www.europesays.com\/it\/wp-json\/wp\/v2\/types\/post"}],"author":[{"embeddable":true,"href":"https:\/\/www.europesays.com\/it\/wp-json\/wp\/v2\/users\/3"}],"replies":[{"embeddable":true,"href":"https:\/\/www.europesays.com\/it\/wp-json\/wp\/v2\/comments?post=637232"}],"version-history":[{"count":0,"href":"https:\/\/www.europesays.com\/it\/wp-json\/wp\/v2\/posts\/637232\/revisions"}],"wp:featuredmedia":[{"embeddable":true,"href":"https:\/\/www.europesays.com\/it\/wp-json\/wp\/v2\/media\/637233"}],"wp:attachment":[{"href":"https:\/\/www.europesays.com\/it\/wp-json\/wp\/v2\/media?parent=637232"}],"wp:term":[{"taxonomy":"category","embeddable":true,"href":"https:\/\/www.europesays.com\/it\/wp-json\/wp\/v2\/categories?post=637232"},{"taxonomy":"post_tag","embeddable":true,"href":"https:\/\/www.europesays.com\/it\/wp-json\/wp\/v2\/tags?post=637232"}],"curies":[{"name":"wp","href":"https:\/\/api.w.org\/{rel}","templated":true}]}}