{"id":63730,"date":"2025-08-23T06:29:41","date_gmt":"2025-08-23T06:29:41","guid":{"rendered":"https:\/\/www.europesays.com\/it\/63730\/"},"modified":"2025-08-23T06:29:41","modified_gmt":"2025-08-23T06:29:41","slug":"bimbo-di-6-anni-morto-dopo-essere-stato-investito-sulle-strisce","status":"publish","type":"post","link":"https:\/\/www.europesays.com\/it\/63730\/","title":{"rendered":"Bimbo di 6 anni morto dopo essere stato investito sulle strisce"},"content":{"rendered":"<p>\u00c8 morto all\u2019<strong>ospedale di Padova<\/strong> il bambino di 6 anni che mercoled\u00ec pomeriggio era stato investito da un\u2019auto mentre con la mamma stava attraversando le <strong>strisce pedonali<\/strong> sulla via Noalese, a <strong>Santa Maria di Sala<\/strong> (Venezia). Il piccolo, cos\u00ec come la mamma, era un profugo ucraino, fuggito dalla guerra nel suo paese, ed era ospitato con altre famiglie ucraine in una ex canonica. Le condizioni del bambino, sbalzato dalla vettura a molti metri di distanza, erano apparse sono gravissime. Ieri il piccolo \u2013 riferisce il Gazzettino \u2013 era stato dichiarato in morte cerebrale, e in serata c\u2019\u00e8 stato il decesso. L\u2019investitore, un giovane di 25 anni, si \u00e8 fermato subito, per prestare soccorso. Il piccolo era stato trasferito con l\u2019<strong>elicottero del Suem<\/strong> all\u2019ospedale di Padova.<\/p>\n<p>                <a href=\"https:\/\/www.ilfattoquotidiano.it\/2025\/08\/22\/bambino-investito-catanzaro-furgone-notizie\/8101792\/\" rel=\"nofollow noopener\" target=\"_blank\"><br \/>\n                    Bimbo di 2 anni investito e ucciso da un furgone in manovra a Catanzaro<br \/>\n                <\/a><br \/>\n                                    <img decoding=\"async\" loading=\"lazy\" src=\"https:\/\/www.europesays.com\/it\/wp-content\/uploads\/2025\/08\/variant-med_1200x630-obj26789742-330x173.jpg\" alt=\"Bimbo di 2 anni investito e ucciso da un furgone in manovra a Catanzaro\" width=\"330\" height=\"173\"\/><\/p>\n<p>            <a class=\"ifq-wrapper-custom-correlato__link\" href=\"https:\/\/www.ilfattoquotidiano.it\/2025\/08\/22\/bambino-investito-catanzaro-furgone-notizie\/8101792\/\" rel=\"nofollow noopener\" target=\"_blank\"><br \/>\n                Leggi articolo<\/p>\n<p>            <\/a><\/p>\n<p>Ricoverato in condizioni disperate, mercoled\u00ec sera, nella rianimazione della Pediatria di Padova, il piccolo non ce l\u2019ha fatta. I medici hanno cercato in tutti i modi di salvarlo; quando era chiaro che non ci fosse pi\u00f9 niente da fare, hanno chiesto alla mamma e al pap\u00e0 di Vlady il<strong> consenso all\u2019espianto degli organi<\/strong>. La risposta \u00e8 stata un s\u00ec; accertata la morte cerebrale, \u00e8 iniziata l\u2019attesa fissata dalla legge per l\u2019espianto, ultimo gesto di solidariet\u00e0 umana di questa <strong>famiglia di Odessa<\/strong>, che solo un mese fa era riuscita ad arrivare in Italia. Aveva trovato rifugio, con altri nuclei di ucraini, nella parrocchia di Murelle, a Villanova di Camposampiero (Padova), che attraverso la Caritas ha messo a disposizione la canonica per l\u2019accoglienza dei profughi, gestita da una cooperativa.<\/p>\n<p>Per l\u2019incidente, avvenuto su un passaggio pedonale della strada Noalese, a Santa Maria di Sala (Venezia), verr\u00e0 indagato dalla Procura di Venezia \u2013 che ha gi\u00e0 aperto un fascicolo \u2013 il 25enne alla guida della Fiat Panda che ha centrato in pieno il bambino, scagliandolo sull\u2019asfalto a decine di metri di distanza. Il giovane, sotto choc, ha ripetuto di non essersi accorto che madre e figlio stavano gi\u00e0 attraversando. <strong>Erano stati a fare la spesa in un supermercato vicino<\/strong>; la mamma, portava le pesanti buste della spesa con la bicicletta, tenuta a mano, e aveva Vlady seduto sul seggiolino della bici. La donna \u00e8 rimasta indenne, ma ha assistito in diretta al dramma. Ha un altro figlio, 13enne, che si trova con lei in Veneto. Il marito, che lavora in Germania, \u00e8 arrivato ieri sera all\u2019ospedale di Padova, per apprendere che purtroppo per Vlady non c\u2019era speranza. Aveva riportato ferite gravissime alla testa ed alla spina dorsale. La famiglia \u00e8 una dei 40 nuclei arrivati da Odessa a luglio, scappando dalle zone di guerra.<\/p>\n<p>La giornata \u00e8 stata funestata da altri terribili incidenti accaduti in altre regioni, in Sicilia, e in Calabria. Nel 2024 si sono contati nel Paese 34 bambini vittime di incidenti stradali, e gi\u00e0 17 dall\u2019inizio del 2025 (compresi gli ultimi casi). I dati sono dell\u2019Osservatorio Asaps, l\u2019Associazione sostenitori e amici della Polizia stradale. Il 2024 era stato peraltro un anno con statistiche in calo rispetto ai minori vittime di incidenti sulla strada, 16 in meno (-32%) rispetto a quelli del 2023.<\/p>\n","protected":false},"excerpt":{"rendered":"\u00c8 morto all\u2019ospedale di Padova il bambino di 6 anni che mercoled\u00ec pomeriggio era stato investito da un\u2019auto&hellip;\n","protected":false},"author":3,"featured_media":63731,"comment_status":"","ping_status":"","sticky":false,"template":"","format":"standard","meta":{"footnotes":""},"categories":[6],"tags":[14,8,1537,90,89,7,15,82,9,83,10,13,11,80,84,12,81,85],"class_list":{"0":"post-63730","1":"post","2":"type-post","3":"status-publish","4":"format-standard","5":"has-post-thumbnail","7":"category-ultime-notizie","8":"tag-cronaca","9":"tag-headlines","10":"tag-it","11":"tag-italia","12":"tag-italy","13":"tag-news","14":"tag-notizie","15":"tag-notizie-di-cronaca","16":"tag-notizie-principali","17":"tag-notiziedicronaca","18":"tag-notizieprincipali","19":"tag-titoli","20":"tag-ultime-notizie","21":"tag-ultime-notizie-di-cronaca","22":"tag-ultime-notizie-e-news-di-oggi","23":"tag-ultimenotizie","24":"tag-ultimenotiziedicronaca","25":"tag-ultimenotizieenewsdioggi"},"share_on_mastodon":{"url":"","error":""},"_links":{"self":[{"href":"https:\/\/www.europesays.com\/it\/wp-json\/wp\/v2\/posts\/63730","targetHints":{"allow":["GET"]}}],"collection":[{"href":"https:\/\/www.europesays.com\/it\/wp-json\/wp\/v2\/posts"}],"about":[{"href":"https:\/\/www.europesays.com\/it\/wp-json\/wp\/v2\/types\/post"}],"author":[{"embeddable":true,"href":"https:\/\/www.europesays.com\/it\/wp-json\/wp\/v2\/users\/3"}],"replies":[{"embeddable":true,"href":"https:\/\/www.europesays.com\/it\/wp-json\/wp\/v2\/comments?post=63730"}],"version-history":[{"count":0,"href":"https:\/\/www.europesays.com\/it\/wp-json\/wp\/v2\/posts\/63730\/revisions"}],"wp:featuredmedia":[{"embeddable":true,"href":"https:\/\/www.europesays.com\/it\/wp-json\/wp\/v2\/media\/63731"}],"wp:attachment":[{"href":"https:\/\/www.europesays.com\/it\/wp-json\/wp\/v2\/media?parent=63730"}],"wp:term":[{"taxonomy":"category","embeddable":true,"href":"https:\/\/www.europesays.com\/it\/wp-json\/wp\/v2\/categories?post=63730"},{"taxonomy":"post_tag","embeddable":true,"href":"https:\/\/www.europesays.com\/it\/wp-json\/wp\/v2\/tags?post=63730"}],"curies":[{"name":"wp","href":"https:\/\/api.w.org\/{rel}","templated":true}]}}