{"id":637908,"date":"2026-08-18T11:11:14","date_gmt":"2026-08-18T11:11:14","guid":{"rendered":"https:\/\/www.europesays.com\/it\/637908\/"},"modified":"2026-08-18T11:11:14","modified_gmt":"2026-08-18T11:11:14","slug":"dal-rugbys-greatest-rivalry-ai-lions-i-tour-sono-il-futuro-del-calendario-internazionale","status":"publish","type":"post","link":"https:\/\/www.europesays.com\/it\/637908\/","title":{"rendered":"Dal Rugby\u2019s Greatest Rivalry ai Lions: i tour sono il futuro del calendario internazionale?"},"content":{"rendered":"<p>Il 2026 \u00e8 un anno di cambiamenti per il rugby e il suo calendario mondiale: a luglio \u00e8 iniziato il Nations Championship, nuovo torneo con cadenza biennale che mira a dare maggiore appetibilit\u00e0 ai test match estivi e autunnali, e ora la Rugby\u2019s Greatest Rivalry, il tour della Nuova Zelanda in Sudafrica sulla scia dei pi\u00f9 prestigiosi British and Irish Lions.<\/p>\n<p>Sudafrica e Nuova Zelanda, due delle squadre mediaticamente pi\u00f9 rilevanti nel panorama ovale internazionale, si affronteranno in tre test match pi\u00f9 un quarto a Baltimora (partita non valida ai fini della serie) in un tour che ricorda molto quello dei Leoni Britannici in Australia svolto durante l\u2019estate del 2025.<\/p>\n<p>La Rugby\u2019s Greatest Rivalry ha preso il posto, almeno per quest\u2019anno (si ripeter\u00e0 nel 2030 a campi invertiti) del Rugby Championship lasciando ad Australia e Argentina l\u2019onere e l\u2019onore di organizzare due test match il 29 agosto e il 5 settembre (a Jujuy e Mendoza).<\/p>\n<p>Ma cosa c\u2019\u00e8 dietro l\u2019organizzazione di un tour?<\/p>\n<p><strong>Leggi anche:<\/strong> <a href=\"https:\/\/www.onrugby.it\/2026\/08\/17\/sudafrica-rassie-erasmus-gioca-a-nascondino-slitta-lannuncio-della-formazione\/\" target=\"_blank\" rel=\"noopener nofollow\">Sudafrica: Rassie Erasmus \u201cgioca a nascondino\u201d. Slitta l\u2019annuncio della formazione<\/a><\/p>\n<p>Rugby\u2019s Greatest Rivalry: un modello da seguire per il futuro?<\/p>\n<p>E\u2019 facilmente presumibile che Sudafrica e Nuova Zelanda vogliano mantenere uno standard elevato di test match un p\u00f2 come successo \u2013 e come \u00e8 sempre stato \u2013 con il tour dei British and Iris Lions.<\/p>\n<p>L\u2019anno scorso la Rugby Australia (RA) ha sanato i suoi debiti, \u201cgrazie\u201d ai Tourists, incassando qualcosa come 35 milioni di dollari; se a questa somma aggiungiamo i futuri introiti del Mondiale 2027 che RA guadagner\u00e0 la cifra potr\u00e0 solo che crescere.<\/p>\n<p>In questo contesto la Nuova Zelanda intende lavorare. Un rapporto di Deloitte in possesso della testata giornalistica Stuff (secondo quanto riporta BBC) sostiene che il Super Rugby Pacific non produce interesse dal punto di vista sportivo, economico e commerciale.<\/p>\n<p>La separazione delle franchigie sudafricane (inserite nello URC), l\u2019isolamento geografico e sportivo (partite con avversarie australiane e isolane) ha portato il documento a registrare delle perdite significative da parte delle squadre neozelandesi.<\/p>\n<p>Gli Hurricanes, campioni in carica, hanno chiuso il 2023 con una perdita di 1,4 milioni di dollari e ne prevedono una di quasi 2 milioni per il 2025. Inoltre la regola ferrea della Federazione neozelandese di convocare con gli All Black solo giocatori che militano in casa ha spinto alcune delle grandi stelle come Rieko Ioane, Jordie Barrett e Richie Mounga a prendersi un anno (o pi\u00f9) sabbatico per andare in Europa o Giappone e firmare contratti pi\u00f9 lucrativi.<\/p>\n<p>Il problema dei calendari dell\u2019Emisfero Nord e dell\u2019Emisfero Sud<\/p>\n<p>I calendari dei due Emisferi sono saturi e per di pi\u00f9 non allineati: il Sei Nazioni si svolge fra febbraio-marzo quando \u00e8 in corso il Super Rugby Pacific e le Nazioni australi riposano. A giungo terminano i principali campionati nazionali europei mentre inizia la stagione ufficiale di Sudafrica, Nuova Zelanda, Australia e Argentina che termina a novembre quando invece da circa due mesi sono ripresi i campionati dell\u2019Emisfero Nord.<\/p>\n<p>Rassie Erasmus ha pi\u00f9 volte sottolineato la possibilit\u00e0 di <a href=\"https:\/\/www.onrugby.it\/2025\/10\/19\/rassie-erasmus-si-schiera-meglio-allineare-il-rugby-championship-col-sei-nazioni\/\" target=\"_blank\" rel=\"noopener nofollow\">allineare i calendari<\/a> dei due Emisferi in modo da agevolare i periodi di lavoro e di recupero di tutti i giocatori, equiparando dove possibile anche la competitivit\u00e0 delle partite.<\/p>\n<p>E proprio di competitivit\u00e0 ha bisogno la Nuova Zelanda: il Super Rugby Pacific \u00e8 carente da questo punto di vista e un tour impegnativo in Sudafrica come la Rugby\u2019s Greatest Rivalry pu\u00f2 rispondere, economicamente e sportivamente, alle sue esigenze. Anche in funzione della prossima Rugby World Cup del 2027 e di quella del 2031 negli Stati Uniti.<\/p>\n<p>Guarda caso l\u2019ultimo test match fra Springboks e All Blacks si giocher\u00e0 a Baltimora per quella che sar\u00e0 la prima gara delle due squadre sul suono americano.<\/p>\n<p><strong>Francesco Giannelli Savastano<\/strong><\/p>\n<p>OnRugby.it \u00a9 Riproduzione riservata<\/p>\n","protected":false},"excerpt":{"rendered":"Il 2026 \u00e8 un anno di cambiamenti per il rugby e il suo calendario mondiale: a luglio \u00e8&hellip;\n","protected":false},"author":3,"featured_media":103608,"comment_status":"","ping_status":"","sticky":false,"template":"","format":"standard","meta":{"footnotes":"","_share_on_mastodon":"0"},"categories":[1458],"tags":[1537,90,89,20272,1840,352501,245,244,4286,3555],"class_list":["post-637908","post","type-post","status-publish","format-standard","has-post-thumbnail","category-rugby","tag-it","tag-italia","tag-italy","tag-nuova-zelanda","tag-rugby","tag-rugbys-greatest-rivalry","tag-sport","tag-sports","tag-sudafrica","tag-tour"],"share_on_mastodon":{"url":"https:\/\/pubeurope.com\/@it\/117116212742155647","error":""},"_links":{"self":[{"href":"https:\/\/www.europesays.com\/it\/wp-json\/wp\/v2\/posts\/637908","targetHints":{"allow":["GET"]}}],"collection":[{"href":"https:\/\/www.europesays.com\/it\/wp-json\/wp\/v2\/posts"}],"about":[{"href":"https:\/\/www.europesays.com\/it\/wp-json\/wp\/v2\/types\/post"}],"author":[{"embeddable":true,"href":"https:\/\/www.europesays.com\/it\/wp-json\/wp\/v2\/users\/3"}],"replies":[{"embeddable":true,"href":"https:\/\/www.europesays.com\/it\/wp-json\/wp\/v2\/comments?post=637908"}],"version-history":[{"count":0,"href":"https:\/\/www.europesays.com\/it\/wp-json\/wp\/v2\/posts\/637908\/revisions"}],"wp:featuredmedia":[{"embeddable":true,"href":"https:\/\/www.europesays.com\/it\/wp-json\/wp\/v2\/media\/103608"}],"wp:attachment":[{"href":"https:\/\/www.europesays.com\/it\/wp-json\/wp\/v2\/media?parent=637908"}],"wp:term":[{"taxonomy":"category","embeddable":true,"href":"https:\/\/www.europesays.com\/it\/wp-json\/wp\/v2\/categories?post=637908"},{"taxonomy":"post_tag","embeddable":true,"href":"https:\/\/www.europesays.com\/it\/wp-json\/wp\/v2\/tags?post=637908"}],"curies":[{"name":"wp","href":"https:\/\/api.w.org\/{rel}","templated":true}]}}