{"id":637990,"date":"2026-08-18T12:19:15","date_gmt":"2026-08-18T12:19:15","guid":{"rendered":"https:\/\/www.europesays.com\/it\/637990\/"},"modified":"2026-08-18T12:19:15","modified_gmt":"2026-08-18T12:19:15","slug":"il-medico-del-maggiore-lascia-ormai-siamo-numeri","status":"publish","type":"post","link":"https:\/\/www.europesays.com\/it\/637990\/","title":{"rendered":"Il medico del Maggiore lascia: &#8220;Ormai siamo numeri&#8221;"},"content":{"rendered":"<p>Un\u2019altra giornata di Ferragosto trascorsa, la terza e probabilmente anche l\u2019ultima per Roberto Urso, specialista in ortopedia-traumatologia all&#8217;ospedale Maggiore. Dopo una vita in sala operatoria, tra turni notturni, festivit\u00e0 e urgenze, il professionista annuncia che lascer\u00e0 alla fine del 2026.<\/p>\n<p>\u201cDopo lunghi ripensamenti e tanta resistenza, ho deciso che sar\u00e0 il mio ultimo Ferragosto da medico del SSN. Se tutto andr\u00e0 come ho deciso, con il 2026 si concluder\u00e0 il mio percorso nel Servizio Sanitario Nazionale. Una scelta molto difficile, ma ormai inevitabile\u201d, scrive sui social.\u00a0<\/p>\n<p>Nel suo messaggio ripercorre gli anni di lavoro e sacrifici: \u201cHo vissuto sul campo chirurgico le notti, le festivit\u00e0, i Natali, i Capodanni e le feste pasquali. Quante urgenze, quante avventure, quante storie\u201d.<\/p>\n<p><a href=\"https:\/\/www.bolognatoday.it\/dossier\/sanita\/parkinson-diagnosi-biopsia-pelle-protocollo-bologna.html\" target=\"_blank\" rel=\"nofollow noopener\">Parkinson, cosa pu\u00f2 rivelare una piccola biopsia della pelle e perch\u00e9 Bologna fa scuola<\/a>\u00a0<a href=\"https:\/\/www.bolognatoday.it\/dossier\/sanita\/ospedali-comunita-case-assistenza-sanitaria-bologna-pnrr.html\" target=\"_blank\" rel=\"nofollow noopener\">Mappe e incognite della nuova assistenza sanitaria territoriale<\/a><\/p>\n<p>Alla base della decisione ci sarebbe una condizione ormai critica: \u201cLa situazione \u00e8 ormai arrivata a un livello di non ritorno. Alla fine siamo numeri. E, per quanto possa sembrare strano dirlo dopo una vita dedicata a questo lavoro, tutto pu\u00f2 essere sostituito\u201d.<\/p>\n<p>L\u2019amarezza, tuttavia, non ha cancellato l\u2019amore per la professione: \u201cLa passione, l\u2019entusiasmo e la gioia di questo mestiere non sono mai riusciti a portarmeli via. E questo, forse, \u00e8 ci\u00f2 che conta di pi\u00f9\u201d.<\/p>\n<p>Per il medico potrebbe ora aprirsi una nuova fase, anche se al momento non vengono forniti ulteriori dettagli. \u201cProbabilmente inizier\u00f2 una nuova avventura lavorativa. Spero. Quindi, come dicono i giovani ai tempi nostri: stay tuned. Perch\u00e9 qualcosa, fuori da qui, per me credo ci sar\u00e0\u201d.<\/p>\n","protected":false},"excerpt":{"rendered":"Un\u2019altra giornata di Ferragosto trascorsa, la terza e probabilmente anche l\u2019ultima per Roberto Urso, specialista in ortopedia-traumatologia all&#8217;ospedale&hellip;\n","protected":false},"author":3,"featured_media":637991,"comment_status":"","ping_status":"","sticky":false,"template":"","format":"standard","meta":{"footnotes":"","_share_on_mastodon":"0"},"categories":[175],"tags":[239,1537,90,89,775,452,240,3805],"class_list":["post-637990","post","type-post","status-publish","format-standard","has-post-thumbnail","category-salute","tag-health","tag-it","tag-italia","tag-italy","tag-maggiore","tag-medico","tag-salute","tag-urso"],"share_on_mastodon":{"url":"https:\/\/pubeurope.com\/@it\/117116480346652584","error":""},"_links":{"self":[{"href":"https:\/\/www.europesays.com\/it\/wp-json\/wp\/v2\/posts\/637990","targetHints":{"allow":["GET"]}}],"collection":[{"href":"https:\/\/www.europesays.com\/it\/wp-json\/wp\/v2\/posts"}],"about":[{"href":"https:\/\/www.europesays.com\/it\/wp-json\/wp\/v2\/types\/post"}],"author":[{"embeddable":true,"href":"https:\/\/www.europesays.com\/it\/wp-json\/wp\/v2\/users\/3"}],"replies":[{"embeddable":true,"href":"https:\/\/www.europesays.com\/it\/wp-json\/wp\/v2\/comments?post=637990"}],"version-history":[{"count":0,"href":"https:\/\/www.europesays.com\/it\/wp-json\/wp\/v2\/posts\/637990\/revisions"}],"wp:featuredmedia":[{"embeddable":true,"href":"https:\/\/www.europesays.com\/it\/wp-json\/wp\/v2\/media\/637991"}],"wp:attachment":[{"href":"https:\/\/www.europesays.com\/it\/wp-json\/wp\/v2\/media?parent=637990"}],"wp:term":[{"taxonomy":"category","embeddable":true,"href":"https:\/\/www.europesays.com\/it\/wp-json\/wp\/v2\/categories?post=637990"},{"taxonomy":"post_tag","embeddable":true,"href":"https:\/\/www.europesays.com\/it\/wp-json\/wp\/v2\/tags?post=637990"}],"curies":[{"name":"wp","href":"https:\/\/api.w.org\/{rel}","templated":true}]}}