{"id":638054,"date":"2026-08-18T13:11:18","date_gmt":"2026-08-18T13:11:18","guid":{"rendered":"https:\/\/www.europesays.com\/it\/638054\/"},"modified":"2026-08-18T13:11:18","modified_gmt":"2026-08-18T13:11:18","slug":"telecamere-bugie-e-fake-torna-il-festival-dei-falsi-documentari","status":"publish","type":"post","link":"https:\/\/www.europesays.com\/it\/638054\/","title":{"rendered":"Telecamere, bugie e fake: torna il &#8220;festival dei falsi documentari&#8221;"},"content":{"rendered":"<p>\u00c8 il festival dei &#8220;falsi documentari&#8221;.\u00a0Il <strong>Piemonte Documenteur Film Fest<\/strong>: il festival dei fake, che va in scena <strong>dal\u00a022 al 29 agosto\u00a0<\/strong>tra\u00a0Monforte d&#8217;Alba, Murazzano, Roddino, Rodello e Bene Vagienna.<\/p>\n<p>\u00abL\u2019unico festival italiano e primo europeo &#8211; spiegano gli organizzatori &#8211;\u00a0 interamente dedicato al falso documentario. Tra storie improbabili, sfide all\u2019ultimo minuto ed energia creativa. Con\u00a0cinque troupe di irriverenti e appassionati cineasti che competeranno tra un colpo di scena e un\u2019idea creativa per realizzare il falso pi\u00f9 convincente\u00bb<\/p>\n<p>Il termine tecnico, se cos\u00ec vogliamo chiamarlo, \u00e8 <strong>&#8220;mockumentary&#8221;: letteralmente &#8220;falso documentario&#8221;,<\/strong> \u00e8 diventato <strong>un genere cinematografico e televisivo vero e proprio<\/strong>. Dichiaratamente fake,\u00a0che finge di essere un vero documentario. Usa interviste, telecamere a mano e voci fuori campo per raccontare storie inventate, nate soprattutto per fare satira, ridere o creare tensione horror.<\/p>\n<p>Storie<strong> &#8220;cos\u00ec tanto inventate che sembrano vere&#8221; e in realt\u00e0 non lo sono,<\/strong>\u00a0vicende improbabili tanto da apparire come possibili, per poi rivelare la loro goliardica natura di falsit\u00e0 costruite ad hoc.<\/p>\n<p>Eppure tra verit\u00e0 ambigue trasformate in scherzi, <strong>sotto sotto qualcosa di autentico resta,<\/strong> tra personaggi, paesaggi, tradizioni e caratteristiche dei borghi che, insieme alle troupe, giocheranno per tutta la settimana a creare il falso documentario pi\u00f9 credibile e originale che ci sia.<\/p>\n<p>Queste le squadre di registi, montatori e sceneggiatori in arrivo tra i paesaggi UNESCO delle Langhe:<\/p>\n<p>\u25cf Alessandro Garelli, Mattia Capone, Matteo Maggi (Troupe assegnata a Monforte d\u2019Alba)<br \/>\u25cf Sonia Iacobone, Jessica Rodin\u00f2, Maura Bruno (Troupe assegnata a Bene Vagienna)<br \/>\u25cf Domenico Bruzzese, Bruno Ugioli, Mauro Mola (Troupe assegnata a Murazzano)<br \/>\u25cf Giacomo Sassi, Kevin Varbaro, Alice Rigosa (Troupe assegnata a Roddino)<br \/>\u25cf Gregorio Audasso, Giulio Angelino, Fabio Migliorini (Troupe assegnata a Rodello)<\/p>\n<p>Il Piemonte Documenteur Film Festival, creato nel 2009 da Carlotta Givo e diretto oggi da Ilaria Chiesa, nasce e si sviluppa da sempre intorno alle comunit\u00e0 che lo ospitano, in una sinergia che, oltre ad animare i borghi, consente di valorizzarne storie, aspetti culturali e sociali attraverso le storie originali raccontate dalle troupe. \u00c8 cos\u00ec anche per la collaborazione con la cooperativa La Perla, grazie a cui tutti i gadget e i materiali per le troupe sono stati realizzati dai detenuti del carcere di Fossano.<\/p>\n<p><img loading=\"lazy\" decoding=\"async\" src=\"https:\/\/www.europesays.com\/it\/wp-content\/uploads\/2026\/08\/fake_copia-1787043527318.jpg\" alt=\"\" width=\"1348\" height=\"1920\" caption=\"false\"\/><\/p>\n<p>Il titolo dell&#8217;edizione 2026 \u00e8\u00a0<strong>\u201cIl diavolo veste fake\u201d, che strizza l\u2019occhio al tormentone cinematografico dell\u2019anno.<\/strong>\u00a0I ciak si attiveranno al Teatro Comunale di Monforte d\u2019Alba il 22 agosto alle 9.30 con l\u2019apertura ufficiale del Festival, quando scatter\u00e0 il via alla competizione cinematografica di 120 ore che vedr\u00e0 impegnate le troupe per tutta la settimana, tra storie da cercare, idee da costruire e progetti da portare avanti. La gara terminer\u00e0 con un cortometraggio pronto da proiettare all\u2019Auditorium Horszowski di Monforte d\u2019Alba per l\u2019attesissima serata finale del Festival, in programma alle 21 di sabato 29 agosto.<\/p>\n<p>\u00abAbbiamo accettato volentieri il progetto del PDFF qualche anno fa, siamo orgogliosi di essere un po\u2019 i padroni di casa insieme all\u2019organizzazione \u2013 cos\u00ec Livio Genesio, sindaco di Monforte d\u2019Alba \u2013 Il Festival \u00e8 un&#8217;esperienza bellissima perch\u00e9 coinvolge la diverse comunit\u00e0, che <strong>diventano attori e vivono la settimana insieme alle troupe<\/strong>: difficilmente accadrebbe fuori da questa cornice. Con questa scusa, invece, le persone si trovano davanti alle telecamere e prendono anche coraggio: \u00e8 l\u2019intera comunit\u00e0 che si trova unita, insieme, per inventare un falso. Ed \u00e8 una bella sfida, goliardica e genuina, tra paesi: questo rende tutto pi\u00f9 bello. Ci auguriamo di poter continuare a far s\u00ec che il Pdff diventi sempre pi\u00f9 grande e famoso, non solo in Italia!\u00bb.<\/p>\n<p>La (vera) novit\u00e0 di questo 2026 \u00e8 infatti <strong>la prima partecipazione, come comune ospite, di Rapolano Terme, in provincia di Siena.<\/strong> Il borgo sar\u00e0 presente fuori concorso grazie alla troupe formata da Luca Penserino, Matteo Chenna, Fabrizio Lombardi, Marco Zoppi, al lavoro per creare un falso documentario ad hoc. \u00abLa collaborazione con il Piemonte Documenteur Film Fest rappresenta un\u2019opportunit\u00e0 innovativa e insolita per far conoscere Rapolano Terme, la sua storia, il suo territorio e le sue eccellenze attraverso il linguaggio originale del mockumentary \u2013 afferma Giulia Russo, assessora di Rapolano Terme con delega al turismo assessora di Rapolano Terme con delega al turismo \u2013Per questo motivo siamo entusiasti di essere stati scelti come \u201cComune Ospite\u201d e di poter ospitare per alcuni giorni una troupe di 4 giovani che realizzeranno le loro riprese sul nostro territorio e saranno ospitati alla Grancia\u00bb.<\/p>\n<p>Il PDFF non \u00e8 solo una gara di cinema ma un\u2019opportunit\u00e0 per conoscere meglio comunit\u00e0, borghi e paesaggio promuovendo il territorio piemontese. Per questo motivo, nel corso delle giornate le troupe potranno coinvolgere come attori esclusivamente le persone che vivono nel borgo assegnato e le attivit\u00e0 commerciali del comune. Siamo un modo alternativo per promuovere il territorio piemontese.<\/p>\n<p>Sabato 29 agosto, in occasione della chiusura del Festival, la giornata a Monforte d\u2019Alba prevede un calendario di attivit\u00e0:<\/p>\n<p>\u25cf Alle 15.00, Laboratorio per bambini a cura del Collettivo tipo<br \/>\u25cf Dalle 19.00, Street food a cura della Proloco di Monforte d\u2019Alba<br \/>\u25cf Alle 19.15, \u201cPDFF\u2026 on music!\u201d Mini concerti di cantautori indipendenti, a cura di OTR Radio<br \/>\u25cf Alle 20.20, Spettacolo di Magia di Gabriele Rigo<\/p>\n<p>Alle 21, infine, la finale pi\u00f9 attesa all\u2019Auditorium Horszowski di Monforte d\u2019Alba, in Via del Carretto, 16. L\u2019Ingresso \u00e8 libero e gratuito ma con posti a sedere limitati.<\/p>\n<p><a href=\"http:\/\/pdff.it\/programma\" rel=\"nofollow noopener\" target=\"_blank\">http:\/\/pdff.it\/programma<\/a><\/p>\n","protected":false},"excerpt":{"rendered":"\u00c8 il festival dei &#8220;falsi documentari&#8221;.\u00a0Il Piemonte Documenteur Film Fest: il festival dei fake, che va in scena&hellip;\n","protected":false},"author":3,"featured_media":638055,"comment_status":"","ping_status":"","sticky":false,"template":"","format":"standard","meta":{"footnotes":"","_share_on_mastodon":"0"},"categories":[1442],"tags":[12276,203,10243,4631,454,204,1537,90,89,1521],"class_list":["post-638054","post","type-post","status-publish","format-standard","has-post-thumbnail","category-film","tag-bugie","tag-entertainment","tag-fake","tag-festival","tag-film","tag-intrattenimento","tag-it","tag-italia","tag-italy","tag-movies"],"share_on_mastodon":{"url":"https:\/\/pubeurope.com\/@it\/117116685178206949","error":""},"_links":{"self":[{"href":"https:\/\/www.europesays.com\/it\/wp-json\/wp\/v2\/posts\/638054","targetHints":{"allow":["GET"]}}],"collection":[{"href":"https:\/\/www.europesays.com\/it\/wp-json\/wp\/v2\/posts"}],"about":[{"href":"https:\/\/www.europesays.com\/it\/wp-json\/wp\/v2\/types\/post"}],"author":[{"embeddable":true,"href":"https:\/\/www.europesays.com\/it\/wp-json\/wp\/v2\/users\/3"}],"replies":[{"embeddable":true,"href":"https:\/\/www.europesays.com\/it\/wp-json\/wp\/v2\/comments?post=638054"}],"version-history":[{"count":0,"href":"https:\/\/www.europesays.com\/it\/wp-json\/wp\/v2\/posts\/638054\/revisions"}],"wp:featuredmedia":[{"embeddable":true,"href":"https:\/\/www.europesays.com\/it\/wp-json\/wp\/v2\/media\/638055"}],"wp:attachment":[{"href":"https:\/\/www.europesays.com\/it\/wp-json\/wp\/v2\/media?parent=638054"}],"wp:term":[{"taxonomy":"category","embeddable":true,"href":"https:\/\/www.europesays.com\/it\/wp-json\/wp\/v2\/categories?post=638054"},{"taxonomy":"post_tag","embeddable":true,"href":"https:\/\/www.europesays.com\/it\/wp-json\/wp\/v2\/tags?post=638054"}],"curies":[{"name":"wp","href":"https:\/\/api.w.org\/{rel}","templated":true}]}}