{"id":638431,"date":"2026-08-18T18:15:18","date_gmt":"2026-08-18T18:15:18","guid":{"rendered":"https:\/\/www.europesays.com\/it\/638431\/"},"modified":"2026-08-18T18:15:18","modified_gmt":"2026-08-18T18:15:18","slug":"turisti-cafoni-invadono-litalia-dalle-file-per-il-krapfen-alle-spiagge-come-discariche-in-infradito-sulle-dolomiti-in-costume-al-cimitero-e-sul-tetto-del-vaporetto","status":"publish","type":"post","link":"https:\/\/www.europesays.com\/it\/638431\/","title":{"rendered":"Turisti cafoni invadono l&#8217;Italia: dalle file per il krapfen alle spiagge come discariche. In infradito sulle Dolomiti, in costume al cimitero e sul tetto del vaporetto"},"content":{"rendered":"<p>Yacht e gommoni che assediano le spiagge, discoteche in acqua e ombrelloni segnaposto. Il turismo cafone in <a href=\"https:\/\/www.ilmessaggero.it\/t\/sardegna\" rel=\"nofollow noopener\" target=\"_blank\">Sardegna<\/a> fa <a class=\"link_item\" data-linked_from=\"null\" href=\"https:\/\/www.ilmessaggero.it\/italia\/turisti_cafoni_sardegna_yacht_gommoni_feste_discoteca_ombrelloni-9711298.html\" rel=\"nofollow noopener\" target=\"_blank\"> discutere e infuriare residenti e ambientalisti<\/a>, ma basta spostare lo sguardo sul resto d&#8217;Italia per capire che non si tratta affatto di un&#8217;esclusiva dell&#8217;Isola. C&#8217;\u00e8 chi scambia lo spazio davanti a un cimitero di guerra per la propria area picnic, chi sale a 2.300 metri soprattutto per fotografare un krapfen visto sui social, chi affronta i sentieri in infradito e chi considera costume e torso nudo un abbigliamento adatto anche nel centro citt\u00e0. E poi c&#8217;\u00e8 chi, pur di realizzare un video, decide addirittura di arrampicarsi sul tetto di un vaporetto in navigazione.<\/p>\n<p>Da una parte l&#8217;effetto dei social, capaci di trasformare in pochi giorni un luogo o un prodotto nel nuovo oggetto del desiderio. Dall&#8217;altra la pi\u00f9 tradizionale mancanza di rispetto per l&#8217;ambiente e per chi ci sta intorno. Il turismo di massa ha moltiplicato le possibilit\u00e0 di viaggiare, ma non necessariamente il buon senso. E dalle lezioni saltate di educazione civica \u00e8 nata una categoria che ogni estate torna puntuale: <strong>quella dei turisti cafoni<\/strong>.<\/p>\n<p> Il cimitero di guerra trasformato in area picnic <\/p>\n<p>Pu\u00f2 offrire l&#8217;ombra degli alberi, la tranquillit\u00e0 di un luogo appartato e perfino un invitante prato verde. Resta per\u00f2 un cimitero di guerra, non un&#8217;area di sosta nella quale prendere il sole in biancheria e giocare a carte. \u00c8 quanto denunciato a <strong>Granezza, nel comune di Lusiana Conco, sull&#8217;Altopiano di Asiago<\/strong>. Meri Finco ha raccontato di essersi recata al cimitero britannico per rendere omaggio ai caduti e di essersi imbattuta in una coppia intenta a rilassarsi sul prato: \u00abStavo facendo un giro a Granezza e mi sono presa il tempo di raggiungere il cimitero inglese per un saluto e una preghiera per i caduti che vi sono sepolti e mi sono imbattuta in questa coppia; lei, in mutande e reggiseno color carne, da distante sembrava addirittura del tutto svestita\u00bb.<\/p>\n<p><img decoding=\"async\" alt=\"\" src=\"https:\/\/www.europesays.com\/it\/wp-content\/uploads\/2026\/08\/765796459_1748571012991368_9159674161644278155_n_18151615.jpg\"\/><\/p>\n<p>Quando avrebbe fatto presente ai due che forse non era il luogo pi\u00f9 indicato, la risposta non sarebbe stata delle pi\u00f9 concilianti: \u00abMi hanno pure risposto in malo modo e con arroganza\u00bb. Nel Granezza British Cemetery riposano 142 soldati britannici caduti durante la Prima guerra mondiale, tra i quali Edward Harold Brittain, fratello della scrittrice Vera Brittain. Poco distante sorge anche il monumento dedicato ai caduti della Resistenza. E non sarebbe neppure la prima volta che sull&#8217;Altopiano i luoghi della memoria vengono scambiati per stabilimenti balneari senza mare. Gi\u00e0 nel 2017, nella zona sacra del Fante di Val Magnaboschi a Cesuna di Roana, erano stati fotografati turisti tra picnic, sedie a sdraio, bikini e partite con la palla in aree nelle quali cartelli comunali vietavano esplicitamente quei comportamenti.<\/p>\n","protected":false},"excerpt":{"rendered":"Yacht e gommoni che assediano le spiagge, discoteche in acqua e ombrelloni segnaposto. Il turismo cafone in Sardegna&hellip;\n","protected":false},"author":3,"featured_media":638432,"comment_status":"","ping_status":"","sticky":false,"template":"","format":"standard","meta":{"footnotes":"","_share_on_mastodon":"0"},"categories":[79],"tags":[447,14,93,94,352752,1537,90,89,7,15,3954,352753,352754,11,84,91,12,85,92,62260,222],"class_list":["post-638431","post","type-post","status-publish","format-standard","has-post-thumbnail","category-italia","tag-cortina","tag-cronaca","tag-cronaca-italiana","tag-cronacaitaliana","tag-dolimiti","tag-it","tag-italia","tag-italy","tag-news","tag-notizie","tag-sardegna","tag-turista-cafone","tag-turisti-cafoni","tag-ultime-notizie","tag-ultime-notizie-e-news-di-oggi","tag-ultime-notizie-italia","tag-ultimenotizie","tag-ultimenotizieenewsdioggi","tag-ultimenotizieitalia","tag-vaporetto","tag-venezia"],"share_on_mastodon":{"url":"https:\/\/pubeurope.com\/@it\/117117880640300864","error":""},"_links":{"self":[{"href":"https:\/\/www.europesays.com\/it\/wp-json\/wp\/v2\/posts\/638431","targetHints":{"allow":["GET"]}}],"collection":[{"href":"https:\/\/www.europesays.com\/it\/wp-json\/wp\/v2\/posts"}],"about":[{"href":"https:\/\/www.europesays.com\/it\/wp-json\/wp\/v2\/types\/post"}],"author":[{"embeddable":true,"href":"https:\/\/www.europesays.com\/it\/wp-json\/wp\/v2\/users\/3"}],"replies":[{"embeddable":true,"href":"https:\/\/www.europesays.com\/it\/wp-json\/wp\/v2\/comments?post=638431"}],"version-history":[{"count":0,"href":"https:\/\/www.europesays.com\/it\/wp-json\/wp\/v2\/posts\/638431\/revisions"}],"wp:featuredmedia":[{"embeddable":true,"href":"https:\/\/www.europesays.com\/it\/wp-json\/wp\/v2\/media\/638432"}],"wp:attachment":[{"href":"https:\/\/www.europesays.com\/it\/wp-json\/wp\/v2\/media?parent=638431"}],"wp:term":[{"taxonomy":"category","embeddable":true,"href":"https:\/\/www.europesays.com\/it\/wp-json\/wp\/v2\/categories?post=638431"},{"taxonomy":"post_tag","embeddable":true,"href":"https:\/\/www.europesays.com\/it\/wp-json\/wp\/v2\/tags?post=638431"}],"curies":[{"name":"wp","href":"https:\/\/api.w.org\/{rel}","templated":true}]}}