{"id":638519,"date":"2026-08-18T19:31:14","date_gmt":"2026-08-18T19:31:14","guid":{"rendered":"https:\/\/www.europesays.com\/it\/638519\/"},"modified":"2026-08-18T19:31:14","modified_gmt":"2026-08-18T19:31:14","slug":"invecchiamento-ho-studiato-gli-astronauti-per-prevenirlo-individuiamo-gli-alimenti-per-aumentare-la-longevita","status":"publish","type":"post","link":"https:\/\/www.europesays.com\/it\/638519\/","title":{"rendered":"\u00abInvecchiamento? Ho studiato gli astronauti per prevenirlo. Individuiamo gli alimenti per aumentare la longevit\u00e0\u00bb"},"content":{"rendered":"<p><strong><a href=\"https:\/\/www.ilgazzettino.it\/t\/padova\" rel=\"nofollow noopener\" target=\"_blank\">PADOVA<\/a><\/strong> &#8211; Da anni studia come sviluppare strategie nutrizionali per promuovere la longevit\u00e0 e la salute. <strong><a href=\"https:\/\/www.ilgazzettino.it\/t\/sofia-pavanello\" rel=\"nofollow noopener\" target=\"_blank\">Sofia Pavanello<\/a><\/strong>, professoressa associata in Medicina del Lavoro all&#8217;Universit\u00e0 di Padova e responsabile del laboratorio Gem\/Gisva (Genoma, <strong><a href=\"https:\/\/www.ilgazzettino.it\/t\/invecchiamento\" rel=\"nofollow noopener\" target=\"_blank\">Invecchiamento<\/a><\/strong>, Stile di Vita e Ambiente) all&#8217;Uoc di Medicina del Lavoro dell&#8217;Azienda Ospedale-Universit\u00e0 di Padova, non ha scelto per\u00f2 di focalizzarsi su persone &#8220;normali&#8221;, ma ha voluto approfondire come il corpo reagisce in termini di invecchiamento in condizioni estreme, come nelle missioni spaziali.<\/p>\n<p>&#13;<br \/>\n<strong>La sua attivit\u00e0 \u00e8 rivolta in particolare, allo studio dell&#8217;invecchiamento e si concentra sull&#8217;et\u00e0 delle cellule. Ci spiega come?<\/strong><br \/>&#13;<br \/>\n\u00abL&#8217;invecchiamento non \u00e8 solo un destino scritto ma \u00e8 anche una traiettoria che, in parte, possiamo misurare e influenzare. Due persone, nate lo stesso giorno, possono invecchiare a ritmi diversi. La data sulla carta d&#8217;identit\u00e0 non coincide sempre con l&#8217;et\u00e0 reale delle cellule. L&#8217;et\u00e0 biologica si stima attraverso alcuni marcatori molecolari: l&#8217;et\u00e0 epigenetica, legata alla metilazione del Dna; la lunghezza dei telomeri, le estremit\u00e0 dei cromosomi che si accorciano nel tempo; il numero di copie del Dna mitocondriale. L&#8217;obiettivo non \u00e8 tanto stabilire quanti anni si hanno ma a che ritmo si sta invecchiando. Un dato rilevante \u00e8 che questi marcatori rispondono, entro certi limiti, allo stile di vita cio\u00e8 all&#8217;alimentazione, all&#8217;ambiente, alle condizioni di lavoro e al sonno\u00bb.<\/p>\n<p>&#13;<br \/>\n<strong>Gli italiani over 65 sono 1 su 4: il nostro paese \u00e8 uno dei pi\u00f9 anziani del mondo. Da tempo si occupa dell&#8217;invecchiamento della forza lavoro. Ci spiega come?<\/strong><br \/>&#13;<br \/>\n\u00abNegli ultimi vent&#8217;anni, il numero di occupati con pi\u00f9 di 50 anni \u00e8 cresciuto di quasi due milioni, a fronte di una diminuzione dei lavoratori pi\u00f9 giovani. Un organismo che invecchia risponde in modo diverso agli stessi rischi professionali, accumula le esposizioni pregresse, ripara il Dna con minore efficienza. Per la medicina del lavoro, si tratta di una questione clinica e non solo di sanit\u00e0 pubblica\u00bb.<\/p>\n<p>&#13;<br \/>\n<strong>L&#8217;invecchiamento \u00e8 legato all&#8217;infiammazione. Le ricerche del suo gruppo hanno evidenziato che alcuni componenti alimentari possono influenzare l&#8217;espressione dei geni.<\/strong><br \/>&#13;<br \/>\n\u00abAbbiamo raccolto le evidenze su alimenti comuni, capaci di agire come modulatori epigenetici, contribuendo a contenere l&#8217;infiammazione che si accumula con l&#8217;et\u00e0. Parliamo, tra gli altri, di broccoli, t\u00e8 verde, curcuma, uva e soia. Questa ricerca, pubblicata su Advances in Nutrition, ha mappato i principi attivi, come il sulforafano dei broccoli, la curcumina e le quercitina di cipolle e capperi, che si comportano come modulatori epigenetici naturali: la dieta epigenetica agisce sulla metilazione del Dna\u00bb.<\/p>\n<p>&#13;<br \/>\n<strong>Dove accelera l&#8217;invecchiamento?<\/strong><br \/>&#13;<br \/>\n\u00abNei lavoratori esposti ad inquinanti, nel trapianto d&#8217;organo, nei tumori rari. Anche gli astronauti invecchiano celermente perch\u00e9 esposti ad un ambiente estremo\u00bb.<\/p>\n<p>&#13;<br \/>\n<strong>Gli astronauti dunque, non sono solo pazienti da proteggere: in che senso sono utili alla sua ricerca?<\/strong><br \/>&#13;<br \/>\n\u00abPerch\u00e8 sono un vero e proprio modello di invecchiamento accelerato. Nello spazio, l&#8217;esposizione ai cosiddetti Red Risks, le radiazioni cosmiche, l&#8217;alterazione della gravit\u00e0, l&#8217;isolamento e lo stress, accelerano in pochi mesi processi di danno cellulare, ossidativo e infiammatorio, che sulla terra richiedono decenni: \u00e8 come osservare l&#8217;invecchiamento in &#8220;avanzamento rapido&#8221;. Studiarli ci aiuta ad individuare le contromisure pi\u00f9 efficaci, a partire dalla nutrizione: \u00e8 l&#8217;obiettivo del progetto Epifood, che studia alimenti e composti bioattivi, capaci di &#8220;accendere&#8221; i geni protettivi e di contenere l&#8217;infiammazione e lo stress ossidativo. Trattandosi di condizioni estreme, le strategie collaudate nello spazio tornano pi\u00f9 utili a tutti noi sulla terra, dove gli stessi meccanismi di danno agiscono per effetto dell&#8217;et\u00e0, dell&#8217;inquinamento e dello stress quotidiano\u00bb.<\/p>\n<p>&#13;<br \/>\n<strong>Per studiare gli effetti dello spazio, non servono per forza le missioni spaziali: come si fa qui sulla terra?<\/strong><br \/>&#13;<br \/>\n\u00abCon il Bed Rest, l&#8217;allettamento prolungato: \u00e8 il modello che riproduce sulla terra ci\u00f2 che accade in orbita, quando il corpo smette di sostenere il proprio peso. In uno studio in corso di pubblicazione, volontari sani, giovani e meno giovani, restano a letto per settimane, sotto controllo clinico, mentre seguiamo i loro marcatori di invecchiamento: la domanda \u00e8 semplice e affascinante. Pu\u00f2 l&#8217;inattivit\u00e0, da sola, accelerare i nostri orologi biologici, quelli epigenetici e quelli del sistema nervoso? \u00c8 l&#8217;inattivit\u00e0 fisica, studiata al millimetro, un tema che riguarda gli astronauti quanto i pazienti a letto. I risultati li presenteremo a breve ma \u00e8 chiaro che l&#8217;inattivit\u00e0 fisica \u00e8 uno dei mali del nostro secolo\u00bb.<\/p>\n<p>&#13;<br \/>\n<strong>Cosa dire della dieta mediterranea?<\/strong><br \/>&#13;<br \/>\n\u00ab\u00c8 un modello tra quelli con le evidenze pi\u00f9 solide per una vita in salute. Ma non esiste un superalimento miracoloso. L&#8217;obiettivo non \u00e8 vivere per sempre ma invecchiare pi\u00f9 lentamente e in salute. La dieta pu\u00f2 essere utilizzata come un farmaco epigenetico per prevenire o rallentare i processi biologici che portano all&#8217;invecchiamento, aprendo la strada ad una nutrizione sempre pi\u00f9 personalizzata\u00bb.<br \/>&#13;<br \/>\n\u00a0<\/p>\n","protected":false},"excerpt":{"rendered":"PADOVA &#8211; Da anni studia come sviluppare strategie nutrizionali per promuovere la longevit\u00e0 e la salute. Sofia Pavanello,&hellip;\n","protected":false},"author":3,"featured_media":638520,"comment_status":"","ping_status":"","sticky":false,"template":"","format":"standard","meta":{"footnotes":"","_share_on_mastodon":"0"},"categories":[175],"tags":[239,9340,1537,90,89,9839,240,352796],"class_list":["post-638519","post","type-post","status-publish","format-standard","has-post-thumbnail","category-salute","tag-health","tag-invecchiamento","tag-it","tag-italia","tag-italy","tag-padova","tag-salute","tag-sofia-pavanello"],"share_on_mastodon":{"url":"https:\/\/pubeurope.com\/@it\/117118178801818826","error":""},"_links":{"self":[{"href":"https:\/\/www.europesays.com\/it\/wp-json\/wp\/v2\/posts\/638519","targetHints":{"allow":["GET"]}}],"collection":[{"href":"https:\/\/www.europesays.com\/it\/wp-json\/wp\/v2\/posts"}],"about":[{"href":"https:\/\/www.europesays.com\/it\/wp-json\/wp\/v2\/types\/post"}],"author":[{"embeddable":true,"href":"https:\/\/www.europesays.com\/it\/wp-json\/wp\/v2\/users\/3"}],"replies":[{"embeddable":true,"href":"https:\/\/www.europesays.com\/it\/wp-json\/wp\/v2\/comments?post=638519"}],"version-history":[{"count":0,"href":"https:\/\/www.europesays.com\/it\/wp-json\/wp\/v2\/posts\/638519\/revisions"}],"wp:featuredmedia":[{"embeddable":true,"href":"https:\/\/www.europesays.com\/it\/wp-json\/wp\/v2\/media\/638520"}],"wp:attachment":[{"href":"https:\/\/www.europesays.com\/it\/wp-json\/wp\/v2\/media?parent=638519"}],"wp:term":[{"taxonomy":"category","embeddable":true,"href":"https:\/\/www.europesays.com\/it\/wp-json\/wp\/v2\/categories?post=638519"},{"taxonomy":"post_tag","embeddable":true,"href":"https:\/\/www.europesays.com\/it\/wp-json\/wp\/v2\/tags?post=638519"}],"curies":[{"name":"wp","href":"https:\/\/api.w.org\/{rel}","templated":true}]}}