{"id":638897,"date":"2026-08-19T01:16:41","date_gmt":"2026-08-19T01:16:41","guid":{"rendered":"https:\/\/www.europesays.com\/it\/638897\/"},"modified":"2026-08-19T01:16:41","modified_gmt":"2026-08-19T01:16:41","slug":"brianne-howey-di-ginny-e-georgia-mamma-per-la-seconda-volta","status":"publish","type":"post","link":"https:\/\/www.europesays.com\/it\/638897\/","title":{"rendered":"Brianne Howey di Ginny e Georgia mamma per la seconda volta"},"content":{"rendered":"<p data-journey-content=\"true\" data-node-id=\"3\" class=\"css-1ood0zq emevuu60\">Congratulazioni a <a href=\"https:\/\/www.cosmopolitan.com\/it\/star\/televisione\/a42429063\/ginny-e-georgia-3-terza-stagione-serie-streaming-netflix\/\" target=\"_blank\" data-vars-ga-outbound-link=\"https:\/\/www.cosmopolitan.com\/it\/star\/televisione\/a42429063\/ginny-e-georgia-3-terza-stagione-serie-streaming-netflix\/\" data-vars-ga-ux-element=\"Hyperlink\" data-vars-ga-call-to-action=\"Brianne Howey\" data-node-id=\"3.1\" class=\"body-link css-ohbdae emevuu60\" rel=\"nofollow noopener\">Brianne Howey<\/a>, che pochissime ore fa ha annunciato via social la pi\u00f9 bella delle notizie: con uno scatto super cute postato su Instagram l&#8217;attrice che in <a href=\"https:\/\/www.cosmopolitan.com\/it\/star\/televisione\/a36173560\/ginny-and-georgia-2-netflix\/\" target=\"_blank\" data-vars-ga-outbound-link=\"https:\/\/www.cosmopolitan.com\/it\/star\/televisione\/a36173560\/ginny-and-georgia-2-netflix\/\" data-vars-ga-ux-element=\"Hyperlink\" data-vars-ga-call-to-action=\"Ginny e Georgia\" data-node-id=\"3.5.0\" class=\"body-link css-ohbdae emevuu60\" rel=\"nofollow noopener\">Ginny e Georgia<\/a> presta il volto a <strong data-node-id=\"3.7\">Georgia Miller ha confermato la nascita del secondo figlio.<\/strong><\/p>\n<p>La prima foto di Brianne Howey con il secondo beb\u00e8 in braccio<\/p>\n<p data-journey-content=\"true\" data-node-id=\"11\" class=\"css-1ood0zq emevuu60\"><a href=\"https:\/\/www.cosmopolitan.com\/it\/abbonamenti\/a71280236\/come-aggiungere-cosmopolitan-fonti-preferite-google\/\" target=\"_blank\" data-vars-ga-outbound-link=\"https:\/\/www.cosmopolitan.com\/it\/abbonamenti\/a71280236\/come-aggiungere-cosmopolitan-fonti-preferite-google\/\" data-vars-ga-call-to-action=\"AGGIUNGI COSMOPOLITAN ALLE TUE RICERCHE SU GOOGLE\" rel=\"nofollow noopener\" data-vars-ga-ux-element=\"Hyperlink\" data-node-id=\"11.0\" class=\"body-btn-link css-u3wd2y emevuu60\">AGGIUNGI COSMOPOLITAN ALLE TUE RICERCHE SU GOOGLE<\/a><\/p>\n<p data-journey-content=\"true\" data-node-id=\"16\" class=\"css-1ood0zq emevuu60\">L&#8217;attrice statunitense, oggi 37enne, ha accolto il suo secondo bambino insieme al marito, condividendo la bellissima notizia e le prime immagini del neonato su Instagram domenica 16 agosto. <strong data-node-id=\"16.1\">Brianne<\/strong> \u00e8 sposata con <strong data-node-id=\"16.3\">Matt Ziering<\/strong> da quasi 5 anni e insieme la coppia ha gi\u00e0 avuto una bambina che oggi ha due anni.<\/p>\n<p><img decoding=\"async\" data-dynamic-svg=\"true\" src=\"https:\/\/www.cosmopolitan.com\/_assets\/design-tokens\/fre\/static\/icons\/arrow-right.7440adc.svg?primary=%2523D4D4D4\" loading=\"lazy\" data-testid=\"dynamic-svg-base\" height=\"auto\" width=\"auto\" aria-label=\"Prev carousel button\" alt=\"Chevron Left Icon\" data-theme-key=\"icon-button-icon\" transform=\"scaleX(-1)\" class=\"css-14vtfey erhb41k0\"\/><img decoding=\"async\" data-dynamic-svg=\"true\" src=\"https:\/\/www.cosmopolitan.com\/_assets\/design-tokens\/fre\/static\/icons\/arrow-right.7440adc.svg?primary=%2523ffffff\" loading=\"lazy\" data-testid=\"dynamic-svg-base\" height=\"auto\" width=\"auto\" aria-label=\"Next carousel button\" alt=\"Chevron Right Icon\" data-theme-key=\"icon-button-icon\" class=\"css-18znc9e erhb41k0\"\/><\/p>\n<p data-journey-content=\"true\" data-node-id=\"23\" class=\"css-1ood0zq emevuu60\">Nel nuovo tenero scatto, la neo-mamma bis tiene il piccolo sul petto. La didascalia non avrebbe davvero potuto essere pi\u00f9 tenera di cos\u00ec: \u00abIl nostro mondo \u00e8 diventato ancora pi\u00f9 completo\u00bb, il tutto accompagnato da un girasole e da un cuoricino. <\/p>\n<p data-journey-content=\"true\" data-node-id=\"27\" class=\"css-1ood0zq emevuu60\">L&#8217;annuncio del nuovo figlio in arrivo era stato condiviso dalla coppia lo scorso 10 maggio. \u00abLa famiglia si allarga ancora. Buona Festa della mamma!\u00bb, aveva scritto la star de <strong data-node-id=\"27.1.0\">L&#8217;Esorcista<\/strong> su Instagram a corredo di una foto in cui si accarezzava il pancione allo specchio indossando un abito giallo senza spalline. <\/p>\n<p data-journey-content=\"true\" data-node-id=\"31\" class=\"css-1ood0zq emevuu60\">Il suo ultimo post ha gi\u00e0 collezionato centinaia di like e commenti entusiasti, tra cui quelli di alcuni dei colleghi del cast di <strong data-node-id=\"31.1.0\">Ginny &amp; Georgia<\/strong>. \u00abWow, congratulazioni!!!!!\u00bb, ha scritto <strong data-node-id=\"31.3\">Chelsea<\/strong> <strong data-node-id=\"31.5\">Clark<\/strong> (<strong data-node-id=\"31.7\">Norah<\/strong> nello show), mentre <strong data-node-id=\"31.9\">Antonia Gentry<\/strong> (il volto di <strong data-node-id=\"31.11\">Virginia &#8220;Ginny&#8221; Miller<\/strong>) ha lasciato diverse emoji sotto il post, molto commossa. \u00abIl secondo beb\u00e8 ti dona un sacco\u00bb, ha poi aggiunto <strong data-node-id=\"31.13\">Debra J. Fisher<\/strong>, showrunner del serial <a href=\"https:\/\/www.cosmopolitan.com\/it\/star\/televisione\/a73412667\/la-mia-brillante-carriera-netflix-serie\/\" target=\"_blank\" data-vars-ga-outbound-link=\"https:\/\/www.cosmopolitan.com\/it\/star\/televisione\/a73412667\/la-mia-brillante-carriera-netflix-serie\/\" data-vars-ga-ux-element=\"Hyperlink\" data-vars-ga-call-to-action=\"Netflix\" data-node-id=\"31.15\" class=\"body-link css-ohbdae emevuu60\" rel=\"nofollow noopener\">Netflix<\/a>.<\/p>\n<p>Brianne Howey e il rapporto con la maternit\u00e0<\/p>\n<p data-journey-content=\"true\" data-node-id=\"38\" class=\"css-1ood0zq emevuu60\">Questa fantastica news arriva a quasi un anno di distanza da quando l&#8217;attrice aveva rivelato come l&#8217;essere diventata madre l&#8217;avesse aiutata a <strong data-node-id=\"38.1\">comprendere meglio il suo personaggio<\/strong> nella commedia drammatica firmata Netflix.<\/p>\n<p data-journey-content=\"true\" data-node-id=\"42\" class=\"css-1ood0zq emevuu60\">\u00abPrima di avere un figlio, ovviamente, pensavo che molti dei comportamenti tipici di <strong data-node-id=\"42.1\">Georgia<\/strong> fossero del tutto folli, squilibrati ed esagerati, e mi chiedevo perch\u00e9 occupasse cos\u00ec tanto spazio\u00bb, aveva raccontato alla rivista PEOPLE nel giugno 2025. \u00abOra che ho una bambina, ne sono cos\u00ec ossessionata che capisco perch\u00e9 <strong data-node-id=\"42.5\">Georgia<\/strong> sia cos\u00ec fissata con <strong data-node-id=\"42.7\">Ginny<\/strong>; il mio cuore \u00e8 diventato ancora pi\u00f9 grande e ho un rispetto enorme per tutte le mamme l\u00e0 fuori\u00bb. L&#8217;attrice ha anche preso la decisione \u00abrischiosa\u00bb di utilizzare la storia del suo vero parto per una delle scene del suo film <strong data-node-id=\"42.9\">Netflix<\/strong> del 2025, <strong data-node-id=\"42.11.0\">Kinda Pregnant<\/strong>.<\/p>\n<p data-journey-content=\"true\" data-node-id=\"46\" class=\"css-1ood0zq emevuu60\">\u00abAmy Schumer mi ha chiamata la sera prima e mi ha detto: \u00abPerch\u00e9 nessuno parla delle proprie storie di parto? Dovremmo farlo noi\u00bb, aveva ricordato <strong data-node-id=\"46.1\">Brianne<\/strong> in un&#8217;intervista con DC Film Girl parlando della conversazione che aveva avuto con la sceneggiatrice del progetto. \u00abIl giorno dopo siamo andate sul set e quella \u00e8, a tutti gli effetti, la storia del mio vero parto\u00bb, ha poi aggiunto al magazine.<\/p>\n<p data-journey-content=\"true\" data-node-id=\"50\" class=\"css-1ood0zq emevuu60\">\u00ab\u00c8 stato un momento davvero intimo, l\u00ec per l\u00ec mi \u00e8 sembrato un po&#8217; rischioso, ma allo stesso tempo ci sentivamo molto al sicuro, perch\u00e9 eravamo solo io e <strong data-node-id=\"50.1\">Amy<\/strong>\u00bb, ha continuato. \u00abE le sono immensamente grata per aver voluto tentare questa strada e fare le cose in grande per quella scena\u00bb.<\/p>\n","protected":false},"excerpt":{"rendered":"Congratulazioni a Brianne Howey, che pochissime ore fa ha annunciato via social la pi\u00f9 bella delle notizie: con&hellip;\n","protected":false},"author":3,"featured_media":638898,"comment_status":"","ping_status":"","sticky":false,"template":"","format":"standard","meta":{"footnotes":"","_share_on_mastodon":"0"},"categories":[1451],"tags":[352987,352989,352988,352990,1621,1620,203,204,1537,90,89],"class_list":["post-638897","post","type-post","status-publish","format-standard","has-post-thumbnail","category-celebrita","tag-brianne-howey","tag-brianne-howey-e-diventata-mamma-bis","tag-brianne-howey-ginny-e-georgia","tag-brianne-howey-ha-partorito","tag-celebrita","tag-celebrities","tag-entertainment","tag-intrattenimento","tag-it","tag-italia","tag-italy"],"share_on_mastodon":{"url":"https:\/\/pubeurope.com\/@it\/117119536207122325","error":""},"_links":{"self":[{"href":"https:\/\/www.europesays.com\/it\/wp-json\/wp\/v2\/posts\/638897","targetHints":{"allow":["GET"]}}],"collection":[{"href":"https:\/\/www.europesays.com\/it\/wp-json\/wp\/v2\/posts"}],"about":[{"href":"https:\/\/www.europesays.com\/it\/wp-json\/wp\/v2\/types\/post"}],"author":[{"embeddable":true,"href":"https:\/\/www.europesays.com\/it\/wp-json\/wp\/v2\/users\/3"}],"replies":[{"embeddable":true,"href":"https:\/\/www.europesays.com\/it\/wp-json\/wp\/v2\/comments?post=638897"}],"version-history":[{"count":0,"href":"https:\/\/www.europesays.com\/it\/wp-json\/wp\/v2\/posts\/638897\/revisions"}],"wp:featuredmedia":[{"embeddable":true,"href":"https:\/\/www.europesays.com\/it\/wp-json\/wp\/v2\/media\/638898"}],"wp:attachment":[{"href":"https:\/\/www.europesays.com\/it\/wp-json\/wp\/v2\/media?parent=638897"}],"wp:term":[{"taxonomy":"category","embeddable":true,"href":"https:\/\/www.europesays.com\/it\/wp-json\/wp\/v2\/categories?post=638897"},{"taxonomy":"post_tag","embeddable":true,"href":"https:\/\/www.europesays.com\/it\/wp-json\/wp\/v2\/tags?post=638897"}],"curies":[{"name":"wp","href":"https:\/\/api.w.org\/{rel}","templated":true}]}}