{"id":639014,"date":"2026-08-19T03:43:16","date_gmt":"2026-08-19T03:43:16","guid":{"rendered":"https:\/\/www.europesays.com\/it\/639014\/"},"modified":"2026-08-19T03:43:16","modified_gmt":"2026-08-19T03:43:16","slug":"isola-delba-bimba-trova-una-commovente-lettera-di-addio-di-29-anni-fa","status":"publish","type":"post","link":"https:\/\/www.europesays.com\/it\/639014\/","title":{"rendered":"Isola d&#8217;Elba, bimba trova una commovente lettera di addio di 29 anni fa"},"content":{"rendered":"<p>Una straziante lettera, che risale a 29 anni fa, a suggellare un&#8217;amicizia intensa e vera. All&#8217;isola d&#8217;Elba \u00e8 stato trovato un foglio datato 3 luglio 1997 con un lungo testo scritto a mano da una ragazza di nome Rebecca, che saluta una tale MG, la destinataria della lettera. Il testo \u00e8 apparso tra gli scogli di Seccheto, sulla costa meridionale: &#8220;Da domani non ci rivedremo mai pi\u00f9. Io mi trasferir\u00e0 ad Hais, in Kansas. Ti auguro di trovare la tua strada di farti una nuova migliore amica, forse meglio di me&#8221;.<\/p>\n<p>Il testo della lettera<\/p>\n<p>&#8220;Ciao MG. Da domani non ci rivedremo mai pi\u00f9, non ce la faccio a dirti queste poche parole di persona, ma lo far\u00f2 con una lettera, una semplice lettera di quelle che ti dimentichi quasi nella cassetta della posta, di quelle che sanno di antico ma anche ricordi di mille emozioni racchiuse in un semplice pezzo di carta&#8221;, inizia cos\u00ec la lettera scritta dalla misteriosa Rebecca, &#8220;sii sempre gentile anche con il tuo peggior nemico perch\u00e9 la gentilezza \u00e8 la prima cosa sempre&#8221;. &#8220;Mi ricordo ancora quando da piccole c\u2019eravamo incontrate su quel muretto, un semplicissimo muretto sulla passeggiata del mare&#8221;, ha scritto poi la ragazza lasciandosi andare ai ricordi, &#8220;tutto questo finisce da domani, sar\u00e0 come il nostro scrigno segreto dei ricordi, ormai \u00e8 tutto un vecchio capitolo ormai chiuso. Spero che un giorno ti riveda magari insieme alla tua futura famiglia o bambini. \u00c8 il momento di salutarti: addio, addio alle giornate passate assieme, addio alla vecchia sartoria in cima al viale, addio alle cene la vigilia di Natale, addio al rumore del mare, addio. Grazie per tutti i momenti passati insieme&#8221;.<\/p>\n","protected":false},"excerpt":{"rendered":"Una straziante lettera, che risale a 29 anni fa, a suggellare un&#8217;amicizia intensa e vera. All&#8217;isola d&#8217;Elba \u00e8&hellip;\n","protected":false},"author":3,"featured_media":639015,"comment_status":"","ping_status":"","sticky":false,"template":"","format":"standard","meta":{"footnotes":"","_share_on_mastodon":"0"},"categories":[79],"tags":[364,14,93,94,21158,55368,353046,1537,90,89,2698,7,15,11,84,91,12,85,92],"class_list":["post-639014","post","type-post","status-publish","format-standard","has-post-thumbnail","category-italia","tag-collaboratori","tag-cronaca","tag-cronaca-italiana","tag-cronacaitaliana","tag-elba","tag-fps","tag-isola-d-elba","tag-it","tag-italia","tag-italy","tag-lettera","tag-news","tag-notizie","tag-ultime-notizie","tag-ultime-notizie-e-news-di-oggi","tag-ultime-notizie-italia","tag-ultimenotizie","tag-ultimenotizieenewsdioggi","tag-ultimenotizieitalia"],"share_on_mastodon":{"url":"https:\/\/pubeurope.com\/@it\/117120113289118742","error":""},"_links":{"self":[{"href":"https:\/\/www.europesays.com\/it\/wp-json\/wp\/v2\/posts\/639014","targetHints":{"allow":["GET"]}}],"collection":[{"href":"https:\/\/www.europesays.com\/it\/wp-json\/wp\/v2\/posts"}],"about":[{"href":"https:\/\/www.europesays.com\/it\/wp-json\/wp\/v2\/types\/post"}],"author":[{"embeddable":true,"href":"https:\/\/www.europesays.com\/it\/wp-json\/wp\/v2\/users\/3"}],"replies":[{"embeddable":true,"href":"https:\/\/www.europesays.com\/it\/wp-json\/wp\/v2\/comments?post=639014"}],"version-history":[{"count":0,"href":"https:\/\/www.europesays.com\/it\/wp-json\/wp\/v2\/posts\/639014\/revisions"}],"wp:featuredmedia":[{"embeddable":true,"href":"https:\/\/www.europesays.com\/it\/wp-json\/wp\/v2\/media\/639015"}],"wp:attachment":[{"href":"https:\/\/www.europesays.com\/it\/wp-json\/wp\/v2\/media?parent=639014"}],"wp:term":[{"taxonomy":"category","embeddable":true,"href":"https:\/\/www.europesays.com\/it\/wp-json\/wp\/v2\/categories?post=639014"},{"taxonomy":"post_tag","embeddable":true,"href":"https:\/\/www.europesays.com\/it\/wp-json\/wp\/v2\/tags?post=639014"}],"curies":[{"name":"wp","href":"https:\/\/api.w.org\/{rel}","templated":true}]}}