{"id":639041,"date":"2026-08-19T04:29:13","date_gmt":"2026-08-19T04:29:13","guid":{"rendered":"https:\/\/www.europesays.com\/it\/639041\/"},"modified":"2026-08-19T04:29:13","modified_gmt":"2026-08-19T04:29:13","slug":"dieci-giorni-alla-palazzina-sul-palco-pop-e-cantautorato","status":"publish","type":"post","link":"https:\/\/www.europesays.com\/it\/639041\/","title":{"rendered":"Dieci giorni alla Palazzina. Sul palco pop e cantautorato"},"content":{"rendered":"<p>Da stasera al 28 agosto la Palazzina Azzurra si conferma palcoscenico estivo della citt\u00e0 con tre appuntamenti musicali a ingresso libero. Pop, canzone d\u2019autore e sonorit\u00e0 vintage animeranno le serate sul lungomare grazie alla collaborazione tra Comune di San Benedetto, Associazione Arte Viva e Amat. Il primo appuntamento \u00e8 stasera alle 21.30 con Gloria Conti in Concerto. La cantante, protagonista di diverse trasmissioni Rai, sar\u00e0 accompagnata alla chitarra dal Maestro Marco Spaccasassi. Lo spettacolo ripercorre il suo percorso artistico attraverso un repertorio che spazia dai grandi classici ai brani pop, dal musical alle colonne sonore. In scaletta titoli come \u2019Caruso\u2019, \u2019Cabaret\u2019, \u2019New York New York\u2019 e \u2019Se telefonando\u2019. Nata ad Arezzo, Gloria Conti ha iniziato giovanissima nel mondo dello spettacolo e ha partecipato a programmi Rai come E Viva il Videobox, Viva Rai 2 e Italia S\u00ec, costruendo una carriera tra teatro, televisione e tanta gavetta. Un concerto che ripercorre una carriera fatta di passione, formazione, teatro e tanta gavetta, per raccontare al pubblico la storia di un\u2019artista che ha trasformato un sogno in professione. Mercoled\u00ec 26 agosto alle ore 21 spazio al Kriss Corradetti Trio. Per Cristiano Kriss Corradetti sar\u00e0 un ritorno speciale nella sua citt\u00e0. Il cantautore sambenedettese presenter\u00e0 per la prima volta a San Benedetto il nuovo album \u2019SE\u2019, pubblicato a maggio 2026 per PlayCab. Il concerto alterner\u00e0 brani originali a omaggi ad alcuni grandi autori della canzone italiana, con particolare attenzione a Pino Daniele e Lucio Battisti. Con Kriss, voce chitarre e mandolino, sul palco Giacomo Lelli al flauto traverso e Luca Podeschi alle percussioni. Tre musicisti che uniscono esperienze diverse in un dialogo fatto di contaminazioni, jazz, pop-rock e improvvisazione. A chiudere la rassegna, venerd\u00ec 28 agosto alle ore 21.30, sar\u00e0 le Le Miss Fever. Il trio vocale femminile marchigiano porter\u00e0 in Palazzina Azzurra in un viaggio musicale attraverso gli anni \u201940 e \u201950, con raffinate armonie a tre voci e un repertorio che spazia tra grandi classici swing, blues e jazz, italiani e internazionali. Nato dall\u2019incontro di tre performer professioniste, il progetto affonda le proprie radici nel teatro e nel musical italiano. Una serata vivace e raffinata, pensata per riportare alla luce il fascino senza tempo dell\u2019epoca vintage, tra swing, jazz, femminilit\u00e0 e divertimento Stefania Mezzina<\/p>\n","protected":false},"excerpt":{"rendered":"Da stasera al 28 agosto la Palazzina Azzurra si conferma palcoscenico estivo della citt\u00e0 con tre appuntamenti musicali&hellip;\n","protected":false},"author":3,"featured_media":639042,"comment_status":"","ping_status":"","sticky":false,"template":"","format":"standard","meta":{"footnotes":"","_share_on_mastodon":"0"},"categories":[1443],"tags":[144358,5316,203,204,1537,90,89,1538,1539,40104,2298],"class_list":["post-639041","post","type-post","status-publish","format-standard","has-post-thumbnail","category-musica","tag-cantautorato","tag-dieci","tag-entertainment","tag-intrattenimento","tag-it","tag-italia","tag-italy","tag-music","tag-musica","tag-palazzina","tag-palco"],"share_on_mastodon":{"url":"https:\/\/pubeurope.com\/@it\/117120294296664888","error":""},"_links":{"self":[{"href":"https:\/\/www.europesays.com\/it\/wp-json\/wp\/v2\/posts\/639041","targetHints":{"allow":["GET"]}}],"collection":[{"href":"https:\/\/www.europesays.com\/it\/wp-json\/wp\/v2\/posts"}],"about":[{"href":"https:\/\/www.europesays.com\/it\/wp-json\/wp\/v2\/types\/post"}],"author":[{"embeddable":true,"href":"https:\/\/www.europesays.com\/it\/wp-json\/wp\/v2\/users\/3"}],"replies":[{"embeddable":true,"href":"https:\/\/www.europesays.com\/it\/wp-json\/wp\/v2\/comments?post=639041"}],"version-history":[{"count":0,"href":"https:\/\/www.europesays.com\/it\/wp-json\/wp\/v2\/posts\/639041\/revisions"}],"wp:featuredmedia":[{"embeddable":true,"href":"https:\/\/www.europesays.com\/it\/wp-json\/wp\/v2\/media\/639042"}],"wp:attachment":[{"href":"https:\/\/www.europesays.com\/it\/wp-json\/wp\/v2\/media?parent=639041"}],"wp:term":[{"taxonomy":"category","embeddable":true,"href":"https:\/\/www.europesays.com\/it\/wp-json\/wp\/v2\/categories?post=639041"},{"taxonomy":"post_tag","embeddable":true,"href":"https:\/\/www.europesays.com\/it\/wp-json\/wp\/v2\/tags?post=639041"}],"curies":[{"name":"wp","href":"https:\/\/api.w.org\/{rel}","templated":true}]}}