{"id":63905,"date":"2025-08-23T08:34:10","date_gmt":"2025-08-23T08:34:10","guid":{"rendered":"https:\/\/www.europesays.com\/it\/63905\/"},"modified":"2025-08-23T08:34:10","modified_gmt":"2025-08-23T08:34:10","slug":"sarabanda-ha-un-nuovo-campione-sconfitto-il-concorrente-casertano","status":"publish","type":"post","link":"https:\/\/www.europesays.com\/it\/63905\/","title":{"rendered":"Sarabanda ha un nuovo campione, sconfitto il concorrente casertano"},"content":{"rendered":"<p>Colpo di scena a Sarabanda, Francesco ha perso il titolo. Nella puntata andata in onda ieri sera (22 agosto) Thomas e Francesco sono arrivati faccia a faccia nel round decisivo per contendersi la vittoria: il montepremi da 114mila euro.\u00a0<\/p>\n<p>Entrambi gli sfidanti hanno risposto con sicurezza ai primi cinque motivi musicali del \u20187X30\u2019 finale. Sul sesto brano per\u00f2 Thomas, educatore del Lago di Garda, ha avuto un momento di esitazione: la canzone La donna cannone di De Gregori sembrava metterlo in difficolt\u00e0 e Francesco ne ha approfittato per portarsi avanti accarezzando l\u2019idea di rimanere campione e magari portarsi a casa il montepremi.\u00a0<\/p>\n<p>Thomas ha chiarito il suo esitare nella risposta e ha poi riportato la situazione in parit\u00e0. Arrivati sei e a sei, c\u2019\u00e8 stato lo spareggio. Thomas ha riconosciuto la canzone al volo la canzone Halo di Beyonc\u00e8 e ha tolto la corona a Francesco che fino ad allora dal 6 agosto \u00e8 riuscito a difendere il titolo di campione.\u00a0<\/p>\n<p>\u201cTi sei dimostrato un grande campione, una persona semplice, un lavoratore ma anche un bravissimo giocatore di Sarabanda\u201d, \u00e8 stato il commento del conduttore Enrico Papi.\u00a0<\/p>\n<p>\u201cMi ha fatto piacere fare questa esperienza, divertimento al massimo. Ringrazio Enrico e tutto il pubblico che mi ha sostenuto\u201d, \u00e8 stato il saluto finale del campione uscente.\u00a0<\/p>\n<p>Francesco Gruosso, 35enne di Aversa, operatore ecologico a Napoli con la sua ironia ha saputo conquistare i telespettatori dello show musicale in onda nella fascia preserale di Canale 5. Nonostante abbai perso il titolo per la sua Aversa \u00e8 gi\u00e0 il campione.<\/p>\n","protected":false},"excerpt":{"rendered":"Colpo di scena a Sarabanda, Francesco ha perso il titolo. Nella puntata andata in onda ieri sera (22&hellip;\n","protected":false},"author":3,"featured_media":63906,"comment_status":"","ping_status":"","sticky":false,"template":"","format":"standard","meta":{"footnotes":""},"categories":[1444],"tags":[203,47996,204,1537,90,89,4831,253],"class_list":{"0":"post-63905","1":"post","2":"type-post","3":"status-publish","4":"format-standard","5":"has-post-thumbnail","7":"category-tv","8":"tag-entertainment","9":"tag-francesco-gruosso","10":"tag-intrattenimento","11":"tag-it","12":"tag-italia","13":"tag-italy","14":"tag-sarabanda","15":"tag-tv"},"share_on_mastodon":{"url":"","error":""},"_links":{"self":[{"href":"https:\/\/www.europesays.com\/it\/wp-json\/wp\/v2\/posts\/63905","targetHints":{"allow":["GET"]}}],"collection":[{"href":"https:\/\/www.europesays.com\/it\/wp-json\/wp\/v2\/posts"}],"about":[{"href":"https:\/\/www.europesays.com\/it\/wp-json\/wp\/v2\/types\/post"}],"author":[{"embeddable":true,"href":"https:\/\/www.europesays.com\/it\/wp-json\/wp\/v2\/users\/3"}],"replies":[{"embeddable":true,"href":"https:\/\/www.europesays.com\/it\/wp-json\/wp\/v2\/comments?post=63905"}],"version-history":[{"count":0,"href":"https:\/\/www.europesays.com\/it\/wp-json\/wp\/v2\/posts\/63905\/revisions"}],"wp:featuredmedia":[{"embeddable":true,"href":"https:\/\/www.europesays.com\/it\/wp-json\/wp\/v2\/media\/63906"}],"wp:attachment":[{"href":"https:\/\/www.europesays.com\/it\/wp-json\/wp\/v2\/media?parent=63905"}],"wp:term":[{"taxonomy":"category","embeddable":true,"href":"https:\/\/www.europesays.com\/it\/wp-json\/wp\/v2\/categories?post=63905"},{"taxonomy":"post_tag","embeddable":true,"href":"https:\/\/www.europesays.com\/it\/wp-json\/wp\/v2\/tags?post=63905"}],"curies":[{"name":"wp","href":"https:\/\/api.w.org\/{rel}","templated":true}]}}