{"id":639139,"date":"2026-08-19T06:13:28","date_gmt":"2026-08-19T06:13:28","guid":{"rendered":"https:\/\/www.europesays.com\/it\/639139\/"},"modified":"2026-08-19T06:13:28","modified_gmt":"2026-08-19T06:13:28","slug":"atalanta-le-novita-su-de-ketelaere-sulemana-e-ahanor-quando-rientreranno","status":"publish","type":"post","link":"https:\/\/www.europesays.com\/it\/639139\/","title":{"rendered":"Atalanta, le novit\u00e0 su De Ketelaere, Sulemana e Ahanor: quando rientreranno"},"content":{"rendered":"<p>\nNiente da fare a meno di clamorose sorprese per Charles<strong> De Ketelaere<\/strong> e Kamaldeen <strong>Sulemana<\/strong>: i due attaccanti dell&#8217;Atalanta non recuperano e, secondo La Gazzetta dello Sport, salteranno la gara di gioved\u00ec contro l\u2019Hapoel Tel Aviv.\n<\/p>\n<p>\nDa valutare Honest <strong>Ahanor<\/strong>, al momento la sua convocazione \u00e8 pi\u00f9 no che s\u00ec.\n<\/p>\n<p>        <img src=\"https:\/\/www.europesays.com\/it\/wp-content\/uploads\/2026\/08\/GettyImages-2274195034-2-0f7563b3b950-1200x800.jpg\"   width=\"2560\" height=\"1707\" alt=\"Atalanta BC v Genoa CFC - Serie A\" title=\"Atalanta BC v Genoa CFC - Serie A\" loading=\"eager\" fetchpriority=\"high\" decoding=\"sync\" class=\"w-full h-auto aspect-3\/2 object-cover object-top rounded-lg\"\/><\/p>\n","protected":false},"excerpt":{"rendered":"Niente da fare a meno di clamorose sorprese per Charles De Ketelaere e Kamaldeen Sulemana: i due attaccanti&hellip;\n","protected":false},"author":3,"featured_media":639140,"comment_status":"","ping_status":"","sticky":false,"template":"","format":"standard","meta":{"footnotes":"","_share_on_mastodon":"0"},"categories":[1452],"tags":[27623,569,721,277,21109,1740,1537,90,89,21111,1739,245,244],"class_list":["post-639139","post","type-post","status-publish","format-standard","has-post-thumbnail","category-calcio","tag-ahanor","tag-atalanta","tag-calcio","tag-de","tag-de-ketelaere","tag-football","tag-it","tag-italia","tag-italy","tag-ketelaere","tag-soccer","tag-sport","tag-sports"],"share_on_mastodon":{"url":"https:\/\/pubeurope.com\/@it\/117120704342133599","error":""},"_links":{"self":[{"href":"https:\/\/www.europesays.com\/it\/wp-json\/wp\/v2\/posts\/639139","targetHints":{"allow":["GET"]}}],"collection":[{"href":"https:\/\/www.europesays.com\/it\/wp-json\/wp\/v2\/posts"}],"about":[{"href":"https:\/\/www.europesays.com\/it\/wp-json\/wp\/v2\/types\/post"}],"author":[{"embeddable":true,"href":"https:\/\/www.europesays.com\/it\/wp-json\/wp\/v2\/users\/3"}],"replies":[{"embeddable":true,"href":"https:\/\/www.europesays.com\/it\/wp-json\/wp\/v2\/comments?post=639139"}],"version-history":[{"count":0,"href":"https:\/\/www.europesays.com\/it\/wp-json\/wp\/v2\/posts\/639139\/revisions"}],"wp:featuredmedia":[{"embeddable":true,"href":"https:\/\/www.europesays.com\/it\/wp-json\/wp\/v2\/media\/639140"}],"wp:attachment":[{"href":"https:\/\/www.europesays.com\/it\/wp-json\/wp\/v2\/media?parent=639139"}],"wp:term":[{"taxonomy":"category","embeddable":true,"href":"https:\/\/www.europesays.com\/it\/wp-json\/wp\/v2\/categories?post=639139"},{"taxonomy":"post_tag","embeddable":true,"href":"https:\/\/www.europesays.com\/it\/wp-json\/wp\/v2\/tags?post=639139"}],"curies":[{"name":"wp","href":"https:\/\/api.w.org\/{rel}","templated":true}]}}