{"id":639170,"date":"2026-08-19T06:43:13","date_gmt":"2026-08-19T06:43:13","guid":{"rendered":"https:\/\/www.europesays.com\/it\/639170\/"},"modified":"2026-08-19T06:43:13","modified_gmt":"2026-08-19T06:43:13","slug":"uno-scatto-sul-territorio-quindici-anni-di-storia-con-obiettivo-spezia","status":"publish","type":"post","link":"https:\/\/www.europesays.com\/it\/639170\/","title":{"rendered":"Uno scatto sul territorio. Quindici anni di storia con Obiettivo Spezia"},"content":{"rendered":"<p>Ripercorrere la storia spezzina fra sport, tradizioni, cultura e mare: per celebrare i 15 anni di attivit\u00e0 del gruppo fotografico <strong>Obiettivo Spezia<\/strong> (nella foto), \u00e8 in programma domenica 23 agosto la <strong>mostra fotografica<\/strong> \u201cLe magliette gialle \u2013 fotografia, territorio e memoria\u201c a <strong>Calata Paita<\/strong>, per scoprire manifestazioni e trasformazioni della citt\u00e0 attraverso le immagini scattate dei soci, accompagnate da incontri e dibattiti. Dalle 18 saranno presenti i fotografi con le loro attrezzature per dare consigli e presentare le attivit\u00e0 del gruppo con la possibilit\u00e0 di diventare modelli per realizzare gratuitamente ritratti fotografici.<\/p>\n<p>Mentre alle 19 verr\u00e0 inaugurata la mostra con aperitivo, dalle 21 si prosegue con incontri condotti dalla giornalista Anna Mori: dopo la proiezione di brevi filmati, ogni ospite salir\u00e0 sul palco per condividere la propria esperienza e il rapporto con l\u2019associazione. Tra i partecipanti, il sindaco Pierluigi Peracchini, Enrico Amici, primo socio onorario di Obiettivo Spezia, Gianfranco Bianchi, presidente del Comitato Circoli Velici Spezia, Corrado Ricci fondatore del Cantiere della Memoria, Andrea Salerno, presidente di Spezia Marathon, Paolo Cozzani direttore artistico del Spezziner, Michele Renna, Francesco Costa e Attilo Cozzani, giudice di regata.<\/p>\n<p>&#8220;Obiettivo Spezia \u2013 dice Peracchini \u2013 ci regala quindici anni di emozioni delle immagini del territorio e della nostra comunit\u00e0. Il loro \u00e8 un lavoro prezioso perch\u00e9 ogni scatto non rappresenta soltanto un momento, ma diventa una testimonianza destinata a rimanere nel tempo: dagli eventi alle tradizioni, dallo sport alla cultura, fino ai grandi cambiamenti e alle trasformazioni cittadine&#8221;.<\/p>\n<p>A presentare la mission del gruppo, \u00e8 Giuseppe Rudisi, componente del direttivo. &#8220;In 15 anni \u2013 spiega Rudisi \u2013 siamo presenti in tutti gli eventi locali, e questa \u00e8 la nostra missione: \u2018la fotografia per il territorio\u2019. Con sede a Fossitermi, abbiamo un\u2019attivit\u00e0 sociale molto intensa, con workshop, incontri tecnici e approfondimenti. Lo scopo \u00e8 essere padroni della tecnica fotografica. Partecipano ventuno soci, con molti giovani e donne. Ogni anno nominiamo un socio onorario e creiamo il libro fotografico \u2018Un anno di luce\u2019, in cui vengono raccolte le immagini pi\u00f9 suggestive. L\u2019evento del 23 agosto \u00e8 intitolato \u2018Le magliette gialle\u2019 e sar\u00e0 in Calata Paita perch\u00e9 \u00e8 uno spazio che deve essere promosso&#8221;.<\/p>\n<p>L\u2019attivit\u00e0 dell\u2019associazione \u00e8 anche dedicata a valorizzare e catalogare la pratica fotografica: in un mondo sempre pi\u00f9 digitale, siamo tutti fotografi ma le numerose immagini che raccogliamo nel cellulare diventano migliaia di bit senza alcun valore. &#8220;Per questo il nostro scopo \u2013 dice il presidente Roberto Celi \u2013 \u00e8 catalogare per creare una documentazione di eventi, regate, manifestazioni, cantieri, quartieri, per vedere come si \u00e8 sviluppata la citt\u00e0. Vogliamo esserci ed essere presenti a documentare e questo \u00e8 il senso della mostra: festeggiare Spezia e il suo Golfo e tutte le persone che in questi quindici anni ci hanno permesso di raccontarli&#8221;.<\/p>\n<p>Greta Scaramelli<\/p>\n","protected":false},"excerpt":{"rendered":"Ripercorrere la storia spezzina fra sport, tradizioni, cultura e mare: per celebrare i 15 anni di attivit\u00e0 del&hellip;\n","protected":false},"author":3,"featured_media":639171,"comment_status":"","ping_status":"","sticky":false,"template":"","format":"standard","meta":{"footnotes":"","_share_on_mastodon":"0"},"categories":[1446],"tags":[1615,1613,1614,1611,1610,1612,203,204,1537,90,89,809,7249,21876,31425,1567,440],"class_list":["post-639170","post","type-post","status-publish","format-standard","has-post-thumbnail","category-arte-e-design","tag-arte","tag-arte-e-design","tag-arteedesign","tag-arts","tag-arts-and-design","tag-design","tag-entertainment","tag-intrattenimento","tag-it","tag-italia","tag-italy","tag-obiettivo","tag-quindici","tag-scatto","tag-spezia","tag-storia","tag-territorio"],"share_on_mastodon":{"url":"https:\/\/pubeurope.com\/@it\/117120821270199976","error":""},"_links":{"self":[{"href":"https:\/\/www.europesays.com\/it\/wp-json\/wp\/v2\/posts\/639170","targetHints":{"allow":["GET"]}}],"collection":[{"href":"https:\/\/www.europesays.com\/it\/wp-json\/wp\/v2\/posts"}],"about":[{"href":"https:\/\/www.europesays.com\/it\/wp-json\/wp\/v2\/types\/post"}],"author":[{"embeddable":true,"href":"https:\/\/www.europesays.com\/it\/wp-json\/wp\/v2\/users\/3"}],"replies":[{"embeddable":true,"href":"https:\/\/www.europesays.com\/it\/wp-json\/wp\/v2\/comments?post=639170"}],"version-history":[{"count":0,"href":"https:\/\/www.europesays.com\/it\/wp-json\/wp\/v2\/posts\/639170\/revisions"}],"wp:featuredmedia":[{"embeddable":true,"href":"https:\/\/www.europesays.com\/it\/wp-json\/wp\/v2\/media\/639171"}],"wp:attachment":[{"href":"https:\/\/www.europesays.com\/it\/wp-json\/wp\/v2\/media?parent=639170"}],"wp:term":[{"taxonomy":"category","embeddable":true,"href":"https:\/\/www.europesays.com\/it\/wp-json\/wp\/v2\/categories?post=639170"},{"taxonomy":"post_tag","embeddable":true,"href":"https:\/\/www.europesays.com\/it\/wp-json\/wp\/v2\/tags?post=639170"}],"curies":[{"name":"wp","href":"https:\/\/api.w.org\/{rel}","templated":true}]}}