{"id":639184,"date":"2026-08-19T06:54:16","date_gmt":"2026-08-19T06:54:16","guid":{"rendered":"https:\/\/www.europesays.com\/it\/639184\/"},"modified":"2026-08-19T06:54:16","modified_gmt":"2026-08-19T06:54:16","slug":"raffaello-e-gabriella-rambaldini-fratello-e-sorella-trovati-morti-in-casa-a-concesio","status":"publish","type":"post","link":"https:\/\/www.europesays.com\/it\/639184\/","title":{"rendered":"Raffaello e Gabriella Rambaldini, fratello e sorella, trovati morti in casa a Concesio"},"content":{"rendered":"<p>Erano morti da giorni, forse da settimane: Raffaello e Gabriella Rambaldini, fratello e sorella, sono stati trovati senza vita nella loro abitazione di Via Matteotti, a Concesio. L&#8217;intervento congiunto di Vigili del Fuoco e Carabinieri \u00e8 conseguenza della segnalazione arrivata dai vicini di casa: da giorni i fratelli non si vedevano. I pompieri hanno forzato l&#8217;ingresso e trovato quanto di peggio ci si potesse aspettare: i corpi dei due fratelli in avanzato stato di decomposizione.<\/p>\n<p>Il macabro ritrovamento<\/p>\n<p>La casa \u00e8 stata posta sotto sequestro e sono in corso tutti i doverosi accertamenti. Il medico intervenuto, a fianco dei sanitari dell&#8217;ambulanza, avrebbe confermato il decesso avvenuto da diversi giorni: non si esclude fossero morti da tre settimane. Gli specialisti della Sis dei carabinieri, la Sezione investigazioni scientifiche, hanno raccolto i primi elementi utili per snodare la matassa di un caso ancora intricato. Le indagini, coordinate dalla Procura di Brescia, sono affidati ai carabinieri della compagnia di Gardone Valtrompia.<\/p>\n<p>Un&#8217;ipotesi da considerare \u00e8 quella della morte per intossicazione, dovuta probabilmente all&#8217;inalazione di monossido di carbonio. In prossimit\u00e0 dei corpi \u00e8 stato infatti trovato uno scaldabagno: non si esclude che l&#8217;apparecchio, a causa di un malfunzionamento, abbia un poco alla volta saturato le stanze quanto basta per provocare i malori che poi risulteranno fatali. Le due salme restano a disposizione dell&#8217;autorit\u00e0 giudiziaria, che nel frattempo ha gi\u00e0 disposto che vengano eseguite le autopsie.<\/p>\n<p>Chi erano le vittime<\/p>\n<p>Raffaello e Gabriella Rambaldini avevano rispettivamente 76 e 67 anni: entrambi originari di Collio Valtrompia, da tempo si erano trasferiti a Concesio ma avevano ancora una casa di propriet\u00e0 anche nel paese d&#8217;origine, in localit\u00e0 Busana. Qui tornavano spesso, soprattutto in estate. Chi li conosceva li ricorda come due persone molto educate, ma altrettanto riservate: si facevano vedere poco, pochissimo, e pare non avessero amici o parenti di prossimit\u00e0.<\/p>\n","protected":false},"excerpt":{"rendered":"Erano morti da giorni, forse da settimane: Raffaello e Gabriella Rambaldini, fratello e sorella, sono stati trovati senza&hellip;\n","protected":false},"author":3,"featured_media":639185,"comment_status":"","ping_status":"","sticky":false,"template":"","format":"standard","meta":{"footnotes":"","_share_on_mastodon":"0"},"categories":[79],"tags":[67558,14,93,94,1537,90,89,7,15,1728,353108,11,84,91,12,85,92],"class_list":["post-639184","post","type-post","status-publish","format-standard","has-post-thumbnail","category-italia","tag-concesio","tag-cronaca","tag-cronaca-italiana","tag-cronacaitaliana","tag-it","tag-italia","tag-italy","tag-news","tag-notizie","tag-omicidio","tag-rambaldini","tag-ultime-notizie","tag-ultime-notizie-e-news-di-oggi","tag-ultime-notizie-italia","tag-ultimenotizie","tag-ultimenotizieenewsdioggi","tag-ultimenotizieitalia"],"share_on_mastodon":{"url":"https:\/\/pubeurope.com\/@it\/117120864669637902","error":""},"_links":{"self":[{"href":"https:\/\/www.europesays.com\/it\/wp-json\/wp\/v2\/posts\/639184","targetHints":{"allow":["GET"]}}],"collection":[{"href":"https:\/\/www.europesays.com\/it\/wp-json\/wp\/v2\/posts"}],"about":[{"href":"https:\/\/www.europesays.com\/it\/wp-json\/wp\/v2\/types\/post"}],"author":[{"embeddable":true,"href":"https:\/\/www.europesays.com\/it\/wp-json\/wp\/v2\/users\/3"}],"replies":[{"embeddable":true,"href":"https:\/\/www.europesays.com\/it\/wp-json\/wp\/v2\/comments?post=639184"}],"version-history":[{"count":0,"href":"https:\/\/www.europesays.com\/it\/wp-json\/wp\/v2\/posts\/639184\/revisions"}],"wp:featuredmedia":[{"embeddable":true,"href":"https:\/\/www.europesays.com\/it\/wp-json\/wp\/v2\/media\/639185"}],"wp:attachment":[{"href":"https:\/\/www.europesays.com\/it\/wp-json\/wp\/v2\/media?parent=639184"}],"wp:term":[{"taxonomy":"category","embeddable":true,"href":"https:\/\/www.europesays.com\/it\/wp-json\/wp\/v2\/categories?post=639184"},{"taxonomy":"post_tag","embeddable":true,"href":"https:\/\/www.europesays.com\/it\/wp-json\/wp\/v2\/tags?post=639184"}],"curies":[{"name":"wp","href":"https:\/\/api.w.org\/{rel}","templated":true}]}}