{"id":639188,"date":"2026-08-19T07:02:09","date_gmt":"2026-08-19T07:02:09","guid":{"rendered":"https:\/\/www.europesays.com\/it\/639188\/"},"modified":"2026-08-19T07:02:09","modified_gmt":"2026-08-19T07:02:09","slug":"europei-volley-femminile-2026-quando-gioca-litalia-orari-avversarie-dove-vederla-in-tv-e-streaming","status":"publish","type":"post","link":"https:\/\/www.europesays.com\/it\/639188\/","title":{"rendered":"Europei volley femminile 2026: quando gioca l&#8217;Italia? Orari, avversarie, dove vederla in tv e streaming"},"content":{"rendered":"<p><strong>L\u2019Italia vuole essere assoluta protagonista agli Europei 2026 di volley femminile<\/strong>, che si disputeranno\u00a0<strong>dal 21 agosto al 6 settembre<\/strong>\u00a0in <strong>ben quattro Paesi diversi<\/strong>: la <strong>Turchia<\/strong> ospiter\u00e0 un girone, quattro ottavi di finale, due quarti di finale, semifinali e finali a<strong> Istanbul<\/strong>; la<strong> Cechia<\/strong> sar\u00e0 il teatro di un girone, quattro ottavi e due quarti in quel di <strong>Brno<\/strong>; un raggruppamento sar\u00e0 protagonista a<strong> G\u00f6teborg (Svezia)<\/strong> e un altro terr\u00e0 banco a <strong>Baku (Azerbaijan)<\/strong>. Si tratta dell\u2019appuntamento pi\u00f9 importante della stagione e avr\u00e0 un\u2019importanza doppia, visto che verr\u00e0 messo in palio il <strong>primo pass per le Olimpiadi di Los Angeles 2028<\/strong>.<\/p>\n<p><strong>Le Campionesse del Mondo disputeranno la prima fase a G\u00f6teborg<\/strong> e sono attese da cinque partite, di cui un paio impegnative e tre molto semplici: la <strong>Svezia padrona di casa<\/strong> potr\u00e0 contare sul talento della fenomenale Isabelle Haak e<strong>\u00a0la Francia<\/strong> \u00e8 in enorme ascesa come ha dimostrato durante l\u2019ultima rassegna iridata, mentre <strong>Croazia, Slovacchia e Montenegro<\/strong> sono ampiamente inferiori a livello tecnico. Le ragazze del CT Julio Velasco si presenteranno\u00a0<strong>all\u2019appuntamento per completare la Tripla Corona<\/strong>, dopo aver conquistato la medaglia d\u2019oro alle Olimpiadi di Parigi 2024 e aver vinto i Mondiali 2025.<\/p>\n<p><strong>Le Campionesse Olimpiche di Parigi 2024 esordiranno venerd\u00ec 21 agosto (ore 16.00) contro la Croazia<\/strong>, incroceranno il Montenegro nella giornata di sabato 22 agosto (ore 15.00) e sfideranno la Svezia nel pomeriggio di domenica 23 agosto (ore 18.00). Il confronto con la Slovacchia \u00e8 in programma marted\u00ec 25 agosto (ore 16.00), mentre il testa a testa con la Francia andr\u00e0 in scena mercoled\u00ec 26 agosto (ore 16.00).<\/p>\n<p><strong>Di seguito il calendario completo, il programma dettagliato, gli orari, il palinsesto tv e streaming delle partite dell\u2019Italia agli Europei 2026 di volley femminile.<\/strong> Tutte le partite dell\u2019Italia saranno trasmesse in diretta tv sui canali Rai e Sky, prevista una selezione degli altri incontri su Rai e Sky; tutti i match potranno essere seguiti in diretta streaming su Euro Volley Tv. Gli orari sono italiani (a Istanbul sono un\u2019ora avanti rispetto a noi, a Baku sono due ore avanti).\u00a0<\/p>\n<p>CALENDARIO ITALIA EUROPEI VOLLEY FEMMINILE 2026\u00a0<\/p>\n<p><b>Venerd\u00ec 21 agosto<\/b>\u00a0<\/p>\n<p>16.00 Croazia vs <strong>Italia<\/strong>\u00a0(a\u00a0Goteborg)\u00a0<\/p>\n<p><b>Sabato 22 agosto<\/b>\u00a0<\/p>\n<p>15.00 <strong>Italia<\/strong> vs Montenegro\u00a0(a\u00a0Goteborg)\u00a0<\/p>\n<p><b>Domenica\u00a023 agosto<\/b>\u00a0<\/p>\n<p>18.00 Svezia vs <strong>Italia<\/strong>\u00a0(a\u00a0Goteborg)\u00a0<\/p>\n<p><b>Marted\u00ec 25 agosto<\/b>\u00a0<\/p>\n<p>16.00 <strong>Italia<\/strong> vs Slovacchia\u00a0(a\u00a0Goteborg)\u00a0<\/p>\n<p><b>Mercoled\u00ec 26 agosto<\/b>\u00a0<\/p>\n<p>16.00 Francia vs <strong>Italia<\/strong>\u00a0(a\u00a0Goteborg)\u00a0<\/p>\n<p><b>Domenica 30 agosto o Luned\u00ec 31 agosto\u00a0<\/b><\/p>\n<p>Eventuale Ottavo di finale a Brno, in orari da definire\u00a0<\/p>\n<p><b>Mercoled\u00ec 2 settembre<\/b>\u00a0<\/p>\n<p>Eventuale Quarto di finale a Brno, in orari da definire\u00a0<\/p>\n<p><b>Sabato 5 settembre<\/b>\u00a0<\/p>\n<p>Eventuale Semifinale a Istanbul, in orari da definire\u00a0<\/p>\n<p><b>Domenica 6 settembre<\/b>\u00a0<\/p>\n<p>Eventuale Finale a Istanbul, in orari da definire\u00a0<\/p>\n<p>PROGRAMMA EUROPEI VOLLEY FEMMINILE: COME VEDERLI IN TV E STREAMING<\/p>\n<p><strong>Diretta tv:<\/strong> canali Rai e Sky per tutte le partite dell\u2019Italia e una selezione degli altri incontri (semifinali e finali garantite).<\/p>\n<p><strong>Diretta streaming:<\/strong> Rai Play, Sky e NOW per tutte le partite dell\u2019Italia e una selezione degli altri incontri; Euro Volley Tv per tutti gli incontri.<\/p>\n<p><strong>Diretta testuale: <\/strong>OA Sport per tutte le partite dell\u2019Italia e le fasi finali.<\/p>\n","protected":false},"excerpt":{"rendered":"L\u2019Italia vuole essere assoluta protagonista agli Europei 2026 di volley femminile, che si disputeranno\u00a0dal 21 agosto al 6&hellip;\n","protected":false},"author":3,"featured_media":639189,"comment_status":"","ping_status":"","sticky":false,"template":"","format":"standard","meta":{"footnotes":"","_share_on_mastodon":"0"},"categories":[1458],"tags":[13298,13300,13305,13306,332303,1537,90,89,25395,33620,13312,8056,1840,13313,245,244,13314],"class_list":["post-639188","post","type-post","status-publish","format-standard","has-post-thumbnail","category-rugby","tag-alessia-orro","tag-anna-danesi","tag-ekaterina-antropova","tag-eleonora-fersino","tag-europei-volley-femminile-2026","tag-it","tag-italia","tag-italy","tag-loveth-omoruyi","tag-merit-adigwe","tag-myriam-sylla","tag-paola-egonu","tag-rugby","tag-sarah-fahr","tag-sport","tag-sports","tag-stella-nervini"],"share_on_mastodon":{"url":"https:\/\/pubeurope.com\/@it\/117120896208493570","error":""},"_links":{"self":[{"href":"https:\/\/www.europesays.com\/it\/wp-json\/wp\/v2\/posts\/639188","targetHints":{"allow":["GET"]}}],"collection":[{"href":"https:\/\/www.europesays.com\/it\/wp-json\/wp\/v2\/posts"}],"about":[{"href":"https:\/\/www.europesays.com\/it\/wp-json\/wp\/v2\/types\/post"}],"author":[{"embeddable":true,"href":"https:\/\/www.europesays.com\/it\/wp-json\/wp\/v2\/users\/3"}],"replies":[{"embeddable":true,"href":"https:\/\/www.europesays.com\/it\/wp-json\/wp\/v2\/comments?post=639188"}],"version-history":[{"count":0,"href":"https:\/\/www.europesays.com\/it\/wp-json\/wp\/v2\/posts\/639188\/revisions"}],"wp:featuredmedia":[{"embeddable":true,"href":"https:\/\/www.europesays.com\/it\/wp-json\/wp\/v2\/media\/639189"}],"wp:attachment":[{"href":"https:\/\/www.europesays.com\/it\/wp-json\/wp\/v2\/media?parent=639188"}],"wp:term":[{"taxonomy":"category","embeddable":true,"href":"https:\/\/www.europesays.com\/it\/wp-json\/wp\/v2\/categories?post=639188"},{"taxonomy":"post_tag","embeddable":true,"href":"https:\/\/www.europesays.com\/it\/wp-json\/wp\/v2\/tags?post=639188"}],"curies":[{"name":"wp","href":"https:\/\/api.w.org\/{rel}","templated":true}]}}