{"id":63920,"date":"2025-08-23T08:42:09","date_gmt":"2025-08-23T08:42:09","guid":{"rendered":"https:\/\/www.europesays.com\/it\/63920\/"},"modified":"2025-08-23T08:42:09","modified_gmt":"2025-08-23T08:42:09","slug":"ostaggi-del-7-ottobre-la-lunga-attesa-per-i-vivi-e-i-morti-i-familiari-li-hanno-abbandonati","status":"publish","type":"post","link":"https:\/\/www.europesays.com\/it\/63920\/","title":{"rendered":"Ostaggi del 7 ottobre, la lunga attesa per i vivi e i morti. I familiari: \u00abLi hanno abbandonati\u00bb"},"content":{"rendered":"<p>    di<br \/>\n    Francesco Battistini<\/p>\n<p class=\"summary-art is-line-h-12\">Gli abitanti dei kibbutz, i ragazzi al festival musicale e poi i beduini, i thailandesi, gli studenti nepalesi. Le loro famiglie in prima fila contro la guerra<\/p>\n<p class=\"chapter-paragraph\">\u00abIdentificazione pubblica di massa\u00bb, dicono. <b>Mettersi nei panni degli ostaggi.<\/b> E dunque saltare il pasto di shabbat, perch\u00e9 \u00abanche loro fanno la fame come i palestinesi\u00bb. E camminare e gridare, perch\u00e9 loro \u00abl\u00e0 sotto non possono fare n\u00e9 l\u2019uno, n\u00e9 l\u2019altro\u00bb. <b>Oggi si digiuna davanti alla casa di <a href=\"https:\/\/www.corriere.it\/esteri\/25_agosto_23\/netanyahu-gaza-trattare-occupare-f87d09fd-1fdb-4b42-8f18-03cf64d92xlk.shtml\" rel=\"nofollow noopener\" target=\"_blank\">Bibi Netanyahu<\/a>. <\/b>E marted\u00ec si far\u00e0 una grande marcia, <b>per la liberazione degli ultimi cinquanta prigionieri rimasti nei tunnel di Gaza, <\/b>i vivi e i morti: la organizzano i familiari, solito percorso da Hostage Square a Tel Aviv, e poi a Gerusalemme e ad Haifa. Nel Vietnam d\u2019Israele, la contestazione \u00e8 no stop. Sanno che sugli ostaggi non servir\u00e0 a far cambiare idea: sperano serva, almeno, a cambiare un destino sempre pi\u00f9 segnato. Perch\u00e9 non c\u2019\u00e8 ancora una risposta ufficiale israeliana <b>alla proposta parziale di Hamas<\/b> \u2014 il rilascio scaglionato di dieci vivi e di diciotto morti, in cambio di due mesi di tregua, poi si discute degli altri  \u2014, ma il premier Netanyahu ha gi\u00e0 detto no e il suo ministro della Difesa, Israel Katz, minaccia <b>di \u00abspalancare le porte dell\u2019inferno\u00bb se gli ostaggi non verranno liberati tutt\u2019insieme.<\/b><\/p>\n<p class=\"chapter-paragraph\">Erano stati rapiti in 251: abitanti dei kibbutz attaccati da Hamas e ragazzi  al festival musicale Nova, ma anche beduini dei villaggi lungo il confine, lavoratori tailandesi e persino studenti nepalesi. <b>Ad oggi sono tornati a casa vivi in 148,<\/b> nella stragrande maggioranza grazie ai negoziati, durante il cessate il fuoco del novembre 2023 e quello pi\u00f9 recente, all\u2019inizio di quest\u2019anno. Molti altri sono tornati dentro le  bare, sette sono stati liberati dall\u2019esercito, per alcuni dei tailandesi ha negoziato separatamente Bangkok. Oggi, tra coloro che sono in mano ad Hamas, <b>solo venti sarebbero vivi.<\/b>    &#13;<br \/>\n&#13;<br \/>\n&#13;<br \/>\n&#13;<br \/>\n&#13;<br \/>\n&#13;<br \/>\n&#13;<br \/>\n&#13;<br \/>\n&#13;<br \/>\n&#13;<br \/>\n&#13;<br \/>\n&#13;<br \/>\n&#13;<br \/>\n&#13;<br \/>\n&#13;<br \/>\n&#13;<br \/>\n&#13;<br \/>\n&#13;<br \/>\n&#13;<br \/>\n&#13;<br \/>\n&#13;<br \/>\n&#13;<br \/>\n&#13;<br \/>\n&#13;<br \/>\n&#13;<br \/>\n&#13;<br \/>\n&#13;<br \/>\n&#13;<br \/>\n&#13;<br \/>\n&#13;<br \/>\n&#13;<br \/>\n&#13;<br \/>\n&#13;<br \/>\n&#13;<br \/>\n&#13;<br \/>\n&#13;<br \/>\n&#13;<br \/>\n&#13;<br \/>\n&#13;<br \/>\n&#13;<br \/>\n&#13;<br \/>\n&#13;<br \/>\n&#13;<br \/>\n&#13;<br \/>\n&#13;<br \/>\n&#13;<br \/>\n&#13;<br \/>\n&#13;<br \/>\n&#13;<br \/>\n&#13;<br \/>\n&#13;<br \/>\n&#13;<br \/>\n&#13;\n<\/p>\n<p class=\"chapter-paragraph\">Bring them home: alcuni now e per altri si vedr\u00e0? \u00c8 il dilemma del momento. Matan Sobol, cugino dei gemelli Gali e Zvi Berman, d\u00e0 voce a dubbi: \u00ab\u00c8 giunto il momento che i leader accettino la proposta di Hamas. Se questo \u00e8 l\u2019inizio d\u2019un patto pi\u00f9 ampio, sar\u00e0 fantastico e potremo vedere le famiglie riunirsi. Ma se ci si ferma qui, assisteremo a una frattura che non sono sicuro potremo sanare\u00bb.  <b>\u00abSe invadete Gaza, per i nostri \u00e8 la fine!\u00bb,<\/b> ha gridato gioved\u00ec un padre, incontrando il delegato di Netanyahu. \u00abDipende solo da Hamas\u00bb, ha allargato le braccia il funzionario. \u00abMa avevate detto che si poteva fare anche un accordo parziale!\u00bb. \u00abNon c\u2019\u00e8 spazio per un accordo parziale che lasci indietro alcuni ostaggi e Hamas al potere\u00bb. \u00abMio figlio \u00e8 in condizioni disperate!\u00bb. Risposta gelida: \u00abStiamo facendo attenzione, <b>ma un rischio per gli ostaggi in effetti c\u2019\u00e8\u00bb.<\/b><\/p>\n<p class=\"chapter-paragraph\"><a href=\"https:\/\/www.corriere.it\/esteri\/25_agosto_23\/netanyahu-gaza-trattare-occupare-f87d09fd-1fdb-4b42-8f18-03cf64d92xlk.shtml\" target=\"_blank\" rel=\"nofollow noopener\">Il doppio passo di Netanyahu <\/a>\u00e8 lanciare un\u2019azione militare e intanto cercare un accordo per il rilascio. \u00abSiamo alla fase decisiva\u00bb, dice il premier: \u00abL\u2019Idf mi ha mostrato i piani per la sconfitta di Hamas e ho incaricato i negoziatori per il rilascio di tutti i nostri ostaggi. <b>Le due cose vanno di pari passo<\/b>\u00bb. I militari in realt\u00e0  credono che espandere la guerra sia un  azzardo.<\/p>\n<p class=\"chapter-paragraph\">Il premier per\u00f2 va avanti. <b>Pu\u00f2 contare sul sostegno di Donald Trump, <\/b>che chiede la distruzione di Hamas, \u00abunico modo per riportare a casa gli ostaggi\u00bb, e questo nonostante l\u2019ambasciatore Usa a Gerusalemme, Mike Huckabee, abbia avvertito che un\u2019operazione a Gaza potrebbe metterli in pericolo. \u00ab\u00c8 l\u2019atteggiamento tipico di Bibi\u00bb, commenta l\u2019editorialista Idan Kweller: \u00abSi tiene aperte tutte le opzioni. <b>Cerca d\u2019ottenere un risultato militare e insieme politico,<\/b> ma le possibilit\u00e0 di farcela sono inesistenti: le sue condizioni  sono inaccettabili per Hamas\u00bb. A giustificare tanta intransigenza di Netanyahu, osserva Kweller, non vale nemmeno il solito ricatto politico d\u2019un ministro ultr\u00e0 come Bezalel Smotrich, che minaccerebbe l\u2019uscita dal governo casomai il premier  facesse retromarcia: per facilitare un accordo, <b>dall\u2019opposizione c\u2019\u00e8 Benny Gantz che s\u2019offre d\u2019entrare in coalizione:<\/b> \u00abSe il mio ingresso serve a liberare gli ostaggi e se non c\u2019\u00e8 altro modo, non far\u00f2 nemmeno un quarto di calcolo politico\u00bb.<\/p>\n<p class=\"chapter-paragraph\">Ma a che punto \u00e8 la notte? Le informazioni che trapelano alle famiglie sono poche. <b><a href=\"https:\/\/www.corriere.it\/esteri\/25_agosto_04\/intervista-cugino-ostaggio-hamas-0ba45d55-6cac-4857-8a22-84ce76139xlk.shtml\" target=\"_blank\" rel=\"nofollow noopener\">Eyatar David<\/a> e Rom Braslavsky<\/b>, le larve umane che tutto il mondo ha visto nei video diffusi da Hamas, nessuno sa dire se siano ancora vivi. E l\u2019ostaggio pi\u00f9 anziano (Arie Zalmanowicz, 85 anni), i due pi\u00f9 giovani (Daniel Oz e Itay Chen, 19 anni), l\u2019unica donna, Inbar Hayman, 27 anni, presa mentre ballava al rave party: loro sono morti di sicuro e nessuno sa se i loro corpi torneranno. N\u00e9 ora, n\u00e9 mai.<\/p>\n<p class=\"is-last-update\" datetime=\"2025-08-23T09:27:47+02:00\">23 agosto 2025 ( modifica il 23 agosto 2025 | 09:27)<\/p>\n<p class=\"is-copyright\">\n            \u00a9 RIPRODUZIONE RISERVATA\n        <\/p>\n","protected":false},"excerpt":{"rendered":"di Francesco Battistini Gli abitanti dei kibbutz, i ragazzi al festival musicale e poi i beduini, i thailandesi,&hellip;\n","protected":false},"author":3,"featured_media":63921,"comment_status":"","ping_status":"","sticky":false,"template":"","format":"standard","meta":{"footnotes":""},"categories":[160],"tags":[14788,50278,50279,4111,50266,50280,50281,50282,50283,50284,579,50267,50268,30264,2554,3858,14,164,165,943,6055,4631,50269,73,784,77,75,1302,25940,50270,27540,794,166,770,18744,1354,50272,50271,890,7,15,813,10365,68,332,36394,115,1398,1699,50273,50274,32132,4172,6193,12349,5926,50275,50276,21496,11,167,12,168,50045,50277,161,162,163],"class_list":{"0":"post-63920","1":"post","2":"type-post","3":"status-publish","4":"format-standard","5":"has-post-thumbnail","7":"category-mondo","8":"tag-abbandonati","9":"tag-abbandonati-abitanti","10":"tag-abbandonati-abitanti-kibbutz","11":"tag-abitanti","12":"tag-abitanti-kibbutz","13":"tag-abitanti-kibbutz-attaccati","14":"tag-abitanti-kibbutz-ragazzi","15":"tag-accettino","16":"tag-accettino-proposta","17":"tag-accettino-proposta-hamas","18":"tag-accordo","19":"tag-accordo-parziale","20":"tag-beduini","21":"tag-bibi","22":"tag-cambiare","23":"tag-condizioni","24":"tag-cronaca","25":"tag-dal-mondo","26":"tag-dalmondo","27":"tag-famiglie","28":"tag-familiari","29":"tag-festival","30":"tag-festival-musicale","31":"tag-gaza","32":"tag-gerusalemme","33":"tag-guerra","34":"tag-hamas","35":"tag-inizio","36":"tag-kibbutz","37":"tag-kweller","38":"tag-liberati","39":"tag-militare","40":"tag-mondo","41":"tag-morti","42":"tag-musicale","43":"tag-ne","44":"tag-ne-ne","45":"tag-nepalesi","46":"tag-netanyahu","47":"tag-news","48":"tag-notizie","49":"tag-ostaggi","50":"tag-parziale","51":"tag-passo","52":"tag-politico","53":"tag-potremo","54":"tag-premier","55":"tag-proposta","56":"tag-ragazzi","57":"tag-ragazzi-festival","58":"tag-ragazzi-festival-musicale","59":"tag-rilascio","60":"tag-risposta","61":"tag-sa","62":"tag-sicuro","63":"tag-studenti","64":"tag-studenti-nepalesi","65":"tag-tailandesi","66":"tag-tornati","67":"tag-ultime-notizie","68":"tag-ultime-notizie-di-mondo","69":"tag-ultimenotizie","70":"tag-ultimenotiziedimondo","71":"tag-vivi","72":"tag-vivi-morti","73":"tag-world","74":"tag-world-news","75":"tag-worldnews"},"share_on_mastodon":{"url":"","error":""},"_links":{"self":[{"href":"https:\/\/www.europesays.com\/it\/wp-json\/wp\/v2\/posts\/63920","targetHints":{"allow":["GET"]}}],"collection":[{"href":"https:\/\/www.europesays.com\/it\/wp-json\/wp\/v2\/posts"}],"about":[{"href":"https:\/\/www.europesays.com\/it\/wp-json\/wp\/v2\/types\/post"}],"author":[{"embeddable":true,"href":"https:\/\/www.europesays.com\/it\/wp-json\/wp\/v2\/users\/3"}],"replies":[{"embeddable":true,"href":"https:\/\/www.europesays.com\/it\/wp-json\/wp\/v2\/comments?post=63920"}],"version-history":[{"count":0,"href":"https:\/\/www.europesays.com\/it\/wp-json\/wp\/v2\/posts\/63920\/revisions"}],"wp:featuredmedia":[{"embeddable":true,"href":"https:\/\/www.europesays.com\/it\/wp-json\/wp\/v2\/media\/63921"}],"wp:attachment":[{"href":"https:\/\/www.europesays.com\/it\/wp-json\/wp\/v2\/media?parent=63920"}],"wp:term":[{"taxonomy":"category","embeddable":true,"href":"https:\/\/www.europesays.com\/it\/wp-json\/wp\/v2\/categories?post=63920"},{"taxonomy":"post_tag","embeddable":true,"href":"https:\/\/www.europesays.com\/it\/wp-json\/wp\/v2\/tags?post=63920"}],"curies":[{"name":"wp","href":"https:\/\/api.w.org\/{rel}","templated":true}]}}