{"id":63922,"date":"2025-08-23T08:43:16","date_gmt":"2025-08-23T08:43:16","guid":{"rendered":"https:\/\/www.europesays.com\/it\/63922\/"},"modified":"2025-08-23T08:43:16","modified_gmt":"2025-08-23T08:43:16","slug":"il-piccolo-in-vita-aspettando-lespianto-degli-organi-sara-sepolto-in-ucraina","status":"publish","type":"post","link":"https:\/\/www.europesays.com\/it\/63922\/","title":{"rendered":"il piccolo in vita aspettando l&#8217;espianto degli organi. Sar\u00e0 sepolto in Ucraina"},"content":{"rendered":"<p><strong><a href=\"https:\/\/www.ilgazzettino.it\/t\/padova\" rel=\"nofollow noopener\" target=\"_blank\">PADOVA<\/a><\/strong> &#8211; Era arrivato in Italia in cerca di aiuto, ma sar\u00e0 lui a placare il dolore di altri bambini e a dare conforto alle loro mamme. Vlady torner\u00e0 in Ucraina in una bara nelle prossime ore, un mese dopo essere arrivato qui. E lasciando in Italia i suoi organi: l\u2019estremo regalo di una vita non ancora vissuta. Tra meno di venti giorni avrebbe iniziato la scuola primaria a Murelle, dove tutto era gi\u00e0 stato preparato per accoglierlo in una nuova classe e in una nuova realt\u00e0 lontana dalla guerra. <strong><a href=\"https:\/\/www.ilgazzettino.it\/t\/vladyslav-malamen\" rel=\"nofollow noopener\" target=\"_blank\">Vladyslav Malamen<\/a><\/strong>, 6 anni, in quella scuola per\u00f2 non entrer\u00e0. Torner\u00e0 nella sua Odessa. L&#8217;incidente di mercoled\u00ec scorso a <strong><a href=\"https:\/\/www.ilgazzettino.it\/t\/santa-maria-di-sala\" rel=\"nofollow noopener\" target=\"_blank\">Santa Maria di Sala<\/a><\/strong> (Venezia), mentre era con la mamma Antonina, gli \u00e8 stato fatale. Fino a tarda sera, ieri, il corpicino era ancora attaccato alle macchine, ma solo per permettere l&#8217;espianto degli organi che la famiglia ha deciso di donare. In base alle condizioni in cui si trovano dopo l\u2019incidente e alle richieste di trapianto del centro nazionale, i medici hanno valutato nella nottata quali asportare, dopo aver dichiarato la morte cerebrale gi\u00e0 due giorni fa.<\/p>\n<p>A vegliare su Vlady la mamma, il padre arrivato dalla Germania e i due fratelli, che ieri sono potuti entrare tutti insieme nella stanza della terapia intensiva dell&#8217;ospedale di Padova, dov&#8217;era stato ricoverato subito dopo l&#8217;incidente. Meno di un mese fa Vlady aveva viaggiato con la sua mamma, lasciando il suo Paese, il resto della sua famiglia, i suoi amici. Un magone mischiato alla voglia di scappare dalla guerra, alla curiosit\u00e0 del nuovo e al desiderio di scoprire. Tutto finito. Ma tutto questo potr\u00e0 continuare a vivere in un altro bambino, con un\u2019altra storia, e magari il piccolo cuore di Vlady batter\u00e0 ancora. E un altro ragazzino potr\u00e0 vedere lontano con i suoi occhi.<\/p>\n","protected":false},"excerpt":{"rendered":"PADOVA &#8211; Era arrivato in Italia in cerca di aiuto, ma sar\u00e0 lui a placare il dolore di&hellip;\n","protected":false},"author":3,"featured_media":63923,"comment_status":"","ping_status":"","sticky":false,"template":"","format":"standard","meta":{"footnotes":""},"categories":[79],"tags":[14,93,94,1537,90,89,7,15,9839,27915,11,84,91,12,85,92,49351],"class_list":{"0":"post-63922","1":"post","2":"type-post","3":"status-publish","4":"format-standard","5":"has-post-thumbnail","7":"category-italia","8":"tag-cronaca","9":"tag-cronaca-italiana","10":"tag-cronacaitaliana","11":"tag-it","12":"tag-italia","13":"tag-italy","14":"tag-news","15":"tag-notizie","16":"tag-padova","17":"tag-santa-maria-di-sala","18":"tag-ultime-notizie","19":"tag-ultime-notizie-e-news-di-oggi","20":"tag-ultime-notizie-italia","21":"tag-ultimenotizie","22":"tag-ultimenotizieenewsdioggi","23":"tag-ultimenotizieitalia","24":"tag-vladyslav-malamen"},"share_on_mastodon":{"url":"","error":""},"_links":{"self":[{"href":"https:\/\/www.europesays.com\/it\/wp-json\/wp\/v2\/posts\/63922","targetHints":{"allow":["GET"]}}],"collection":[{"href":"https:\/\/www.europesays.com\/it\/wp-json\/wp\/v2\/posts"}],"about":[{"href":"https:\/\/www.europesays.com\/it\/wp-json\/wp\/v2\/types\/post"}],"author":[{"embeddable":true,"href":"https:\/\/www.europesays.com\/it\/wp-json\/wp\/v2\/users\/3"}],"replies":[{"embeddable":true,"href":"https:\/\/www.europesays.com\/it\/wp-json\/wp\/v2\/comments?post=63922"}],"version-history":[{"count":0,"href":"https:\/\/www.europesays.com\/it\/wp-json\/wp\/v2\/posts\/63922\/revisions"}],"wp:featuredmedia":[{"embeddable":true,"href":"https:\/\/www.europesays.com\/it\/wp-json\/wp\/v2\/media\/63923"}],"wp:attachment":[{"href":"https:\/\/www.europesays.com\/it\/wp-json\/wp\/v2\/media?parent=63922"}],"wp:term":[{"taxonomy":"category","embeddable":true,"href":"https:\/\/www.europesays.com\/it\/wp-json\/wp\/v2\/categories?post=63922"},{"taxonomy":"post_tag","embeddable":true,"href":"https:\/\/www.europesays.com\/it\/wp-json\/wp\/v2\/tags?post=63922"}],"curies":[{"name":"wp","href":"https:\/\/api.w.org\/{rel}","templated":true}]}}