{"id":639249,"date":"2026-08-19T07:58:18","date_gmt":"2026-08-19T07:58:18","guid":{"rendered":"https:\/\/www.europesays.com\/it\/639249\/"},"modified":"2026-08-19T07:58:18","modified_gmt":"2026-08-19T07:58:18","slug":"jungels-annuncia-il-ritiro-a-fine-stagione","status":"publish","type":"post","link":"https:\/\/www.europesays.com\/it\/639249\/","title":{"rendered":"JUNGELS ANNUNCIA IL RITIRO A FINE STAGIONE"},"content":{"rendered":"<p>            <a class=\"category\" href=\"https:\/\/www.tuttobiciweb.it\/articles\/category\/PROFESSIONISTI\" itemprop=\"about\" rel=\"nofollow noopener\" target=\"_blank\">PROFESSIONISTI<\/a> | 19\/08\/2026 | 08:25<\/p>\n<p>Attraverso i suoi profili social, <strong>Bob Jungels<\/strong> ha annunciato <strong>il suo ritiro alla fine di questa stagione.<\/strong> Il lussemburghese, 34 anni tra un mesto, ha corso con alcune delle squadre migliori dell\u2019ultimo decennio, dalla Trek alla Quick-Step, passando per AG2R, Red Bull e, negli ultimi due anni, <strong>Netcompany Ineos<\/strong>.\n            <\/p>\n<p>Il suo palmares \u00e8 di tutto rispetto, perch\u00e9 oltre a una tappa al Giro d\u2019Italia (Bergamo 2017) con 8 giorni in Maglia Rosa e due Top 10 finali, e una tappa al Tour de France 2022, si \u00e8 aggiudicato anche la Liegi-Bastogne-Liegi del 2018 e la Kuurne-Bruxelles-Kuurne l\u2019anno seguente. Corridore completo, ha avuto in realt\u00e0 il suo picco da molto giovane, palesando qualche difficolt\u00e0 nell\u2019adattamento al nuovo ciclismo, come d\u2019altronde tanti della sua generazione. In carriera si \u00e8 inoltre aggiudicato 9 titoli lussemburghesi a cronometro e 6 in linea.\n            <\/p>\n<p>\u00abDopo 15 anni da ciclista professionista, annuncio ufficialmente che al termine di questa stagione mi ritirer\u00f2 dalle competizioni &#8211; ha scritto Jungels -. Ripensando alla mia carriera, provo un\u2019immensa gratitudine nei confronti dei miei compagni di squadra, degli staff, della mia famiglia, degli amici e, naturalmente, di tutti i tifosi che mi hanno sostenuto lungo ogni chilometro di questo percorso. Il ciclismo professionistico ha contribuito profondamente a rendermi la persona che sono oggi. Sono grato per tutte le opportunit\u00e0 che mi ha offerto e orgoglioso di ci\u00f2 che sono riuscito a raggiungere sui palcoscenici pi\u00f9 importanti del mondo. Sono molto entusiasta di ci\u00f2 che mi aspetta e non vedo l\u2019ora di mettere la stessa disciplina e la stessa passione al servizio della <strong>prossima fase della mia carriera, nel mondo degli affari<\/strong>. Presto avr\u00f2 il piacere di condividere con voi questi nuovi progetti. Ci vediamo l\u00e0 fuori\u00bb.<\/p>\n<p>\n    <a href=\"https:\/\/www.tuttobiciweb.it\/article\/2026\/08\/19\/1787086853\/bob-jungels-retirement?lang=en\" rel=\"nofollow noopener\" target=\"_blank\"><img decoding=\"async\" src=\"https:\/\/www.europesays.com\/it\/wp-content\/uploads\/2025\/12\/enver.png\"\/><\/a><\/p>\n<p>Copyright &amp;copy TBW<\/p>\n","protected":false},"excerpt":{"rendered":"PROFESSIONISTI | 19\/08\/2026 | 08:25 Attraverso i suoi profili social, Bob Jungels ha annunciato il suo ritiro alla&hellip;\n","protected":false},"author":3,"featured_media":639250,"comment_status":"","ping_status":"","sticky":false,"template":"","format":"standard","meta":{"footnotes":"","_share_on_mastodon":"0"},"categories":[1456],"tags":[353146,1824,1825,1537,90,89,1738,245,244],"class_list":["post-639249","post","type-post","status-publish","format-standard","has-post-thumbnail","category-ciclismo","tag-bob-jungels","tag-ciclismo","tag-cycling","tag-it","tag-italia","tag-italy","tag-ritiro","tag-sport","tag-sports"],"share_on_mastodon":{"url":"https:\/\/pubeurope.com\/@it\/117121117179795396","error":""},"_links":{"self":[{"href":"https:\/\/www.europesays.com\/it\/wp-json\/wp\/v2\/posts\/639249","targetHints":{"allow":["GET"]}}],"collection":[{"href":"https:\/\/www.europesays.com\/it\/wp-json\/wp\/v2\/posts"}],"about":[{"href":"https:\/\/www.europesays.com\/it\/wp-json\/wp\/v2\/types\/post"}],"author":[{"embeddable":true,"href":"https:\/\/www.europesays.com\/it\/wp-json\/wp\/v2\/users\/3"}],"replies":[{"embeddable":true,"href":"https:\/\/www.europesays.com\/it\/wp-json\/wp\/v2\/comments?post=639249"}],"version-history":[{"count":0,"href":"https:\/\/www.europesays.com\/it\/wp-json\/wp\/v2\/posts\/639249\/revisions"}],"wp:featuredmedia":[{"embeddable":true,"href":"https:\/\/www.europesays.com\/it\/wp-json\/wp\/v2\/media\/639250"}],"wp:attachment":[{"href":"https:\/\/www.europesays.com\/it\/wp-json\/wp\/v2\/media?parent=639249"}],"wp:term":[{"taxonomy":"category","embeddable":true,"href":"https:\/\/www.europesays.com\/it\/wp-json\/wp\/v2\/categories?post=639249"},{"taxonomy":"post_tag","embeddable":true,"href":"https:\/\/www.europesays.com\/it\/wp-json\/wp\/v2\/tags?post=639249"}],"curies":[{"name":"wp","href":"https:\/\/api.w.org\/{rel}","templated":true}]}}