{"id":63926,"date":"2025-08-23T08:45:16","date_gmt":"2025-08-23T08:45:16","guid":{"rendered":"https:\/\/www.europesays.com\/it\/63926\/"},"modified":"2025-08-23T08:45:16","modified_gmt":"2025-08-23T08:45:16","slug":"i-dati-smontano-le-bugie-no-vax","status":"publish","type":"post","link":"https:\/\/www.europesays.com\/it\/63926\/","title":{"rendered":"i dati smontano le bugie no vax"},"content":{"rendered":"<p>                                                                    <a rel=\"prettyPhoto[scheda]\" href=\"https:\/\/www.europesays.com\/it\/wp-content\/uploads\/2025\/08\/1755933811_23.JPG\"><img decoding=\"async\" src=\"https:\/\/www.europesays.com\/it\/wp-content\/uploads\/2025\/08\/1755933811_23.JPG\" alt=\"\"\/><\/a><\/p>\n<p>                                                                Vaccino e mortalit\u00e0: i dati smontano le bugie no vax<\/p>\n<p>Da quando sono stati introdotti, i vaccini contro il COVID-19 sono stati oggetto di attacchi, sospetti e disinformazione da parte dei movimenti no vax. Una delle accuse pi\u00f9 frequenti \u00e8 che \u201ci vaccinati muoiono di pi\u00f9\u201d o che \u201cla mortalit\u00e0 non cambia\u201d. Ma i numeri ufficiali, raccolti in Italia, in Europa e negli Stati Uniti, raccontano una realt\u00e0 opposta e inequivocabile.<\/p>\n<p>Perch\u00e9 alcuni \u201cmedici no vax\u201d non sono affidabili?<\/p>\n<p>Titoli non pertinenti<br \/>\nMolti dei cosiddetti \u201cdottori\u201d no vax non sono cardiologi, infettivologi o epidemiologi, ma magari dentisti, omeopati, veterinari o laureati in ambiti lontanissimi dalla virologia. Usano comunque il titolo di \u201cmedico\u201d per dare autorevolezza, ma parlano fuori campo.<\/p>\n<p>Pseudoscienza e medicine alternative<br \/>\nUna buona parte di loro gi\u00e0 da anni \u00e8 schierata su fronti pseudoscientifici: omeopatia, cure \u201cnaturali\u201d, teorie complottiste su farmaci e Big Pharma. Il COVID \u00e8 stato solo l\u2019occasione per amplificare il loro seguito.<\/p>\n<p>Conflitti di interesse alternativi<br \/>\nSpesso non vendono vaccini, ma libri, corsi, integratori, consulenze private. La paura e la diffidenza verso la medicina ufficiale diventano per loro un business.<\/p>\n<p>Mancanza di pubblicazioni scientifiche<br \/>\nI medici seri hanno studi pubblicati, esperienze cliniche, fanno parte di societ\u00e0 scientifiche. Molti \u201cmedici no vax\u201d non hanno alcuna produzione scientifica riconosciuta, ma solo video su YouTube, interviste in TV locali o post sui social.<\/p>\n<p>Uso distorto dell\u2019autorit\u00e0<br \/>\nLa gente vede \u201cDott.\u201d davanti a un nome e pensa che ogni opinione valga uguale. Ma in medicina non conta il titolo generico, conta la competenza specifica. Un ortopedico non pu\u00f2 improvvisarsi virologo, come un meccanico non pu\u00f2 progettare un aereo.<\/p>\n<p>Legame tra no vax e complottisti<\/p>\n<p>Stessa matrice di sfiducia<br \/>\nEntrambi partono da una convinzione: \u201cle istituzioni mentono\u201d. Che sia il governo, la scienza, le case farmaceutiche o i media, la base \u00e8 sempre la sfiducia.<\/p>\n<p>Pensiero dicotomico<br \/>\nTendono a dividere il mondo in \u201cnoi contro loro\u201d: il popolo \u201csveglio\u201d contro le \u00e9lite corrotte. \u00c8 la stessa struttura mentale che alimenta teorie su scie chimiche, 5G, terra piatta.<\/p>\n<p>Uso dei social<br \/>\nSia i no vax che i complottisti vivono di viralit\u00e0: slogan brevi, immagini forti, narrazioni alternative che circolano pi\u00f9 velocemente dei dati scientifici.<\/p>\n<p>Legame con movimenti politici (es. destra radicale, anti-sistema)<\/p>\n<p>Piattaforma comune anti-sistema<br \/>\nI movimenti radicali (spesso di destra estrema, ma non solo) sfruttano il malcontento. Il rifiuto dei vaccini diventa un simbolo di ribellione contro lo Stato, l\u2019Unione Europea, la \u201cglobalizzazione\u201d.<\/p>\n<p>Narrazione di libert\u00e0 individuale assoluta<br \/>\nLa destra radicale, come certi libertari, ha cavalcato il tema: \u201cNessuno deve impormi un vaccino, lo Stato non deve decidere sul mio corpo\u201d. \u00c8 lo stesso linguaggio con cui si attaccano tasse, green pass, obblighi ambientali.<\/p>\n<p>Alleanze opportunistiche<br \/>\nNon tutti i no vax sono di destra estrema. Ma questi movimenti hanno visto nei no vax un bacino elettorale da conquistare: proteste di piazza, manifestazioni contro il green pass, alleanze con gruppi complottisti.<\/p>\n<p>Visione cospirazionista globale<br \/>\nL\u2019idea del \u201cGrande Reset\u201d, di Soros, di Bill Gates o delle \u00e9lite che vogliono \u201ccontrollare il popolo\u201d unisce complottisti, no vax e parte della destra radicale. \u00c8 una narrativa semplice e potente per catalizzare consensi.<\/p>\n<p>Psicologia sociale alla base<\/p>\n<p>Ansia e incertezza: nelle crisi (pandemia, guerre, crisi economiche) il complotto offre una spiegazione \u201cfacile\u201d.<\/p>\n<p>Identit\u00e0 di gruppo: sentirsi \u201cribelli\u201d o \u201cdalla parte della verit\u00e0 nascosta\u201d d\u00e0 appartenenza e forza.<\/p>\n<p>Canalizzazione politica: i partiti anti-sistema trasformano questa energia in consenso.<\/p>\n<p>In sintesi<\/p>\n<p>No vax e complottisti si incontrano sulla sfiducia verso istituzioni e scienza.<\/p>\n<p>La destra radicale (e in parte altre forze antisistema) li usa come \u201cmassa di protesta\u201d contro governo ed \u00e9lite.<\/p>\n<p>Il risultato \u00e8 un fronte ibrido: pseudoscienza + complottismo + populismo politico.<\/p>\n<p>Effetto sociale<\/p>\n<p>Alcune figure diventano \u201cguru\u201d perch\u00e9 dicono ci\u00f2 che una parte della popolazione vuole sentirsi dire: che il COVID non \u00e8 grave, che il vaccino \u00e8 inutile o pericoloso, che ci sono cure miracolose.<\/p>\n<p>Ma queste opinioni non hanno basi solide: se venissero valutate con i criteri della ricerca scientifica, cadrebbero subito.<\/p>\n","protected":false},"excerpt":{"rendered":"Vaccino e mortalit\u00e0: i dati smontano le bugie no vax Da quando sono stati introdotti, i vaccini contro&hellip;\n","protected":false},"author":3,"featured_media":63927,"comment_status":"","ping_status":"","sticky":false,"template":"","format":"standard","meta":{"footnotes":""},"categories":[1512],"tags":[239,1537,90,89,240,2189,2188,2187],"class_list":{"0":"post-63926","1":"post","2":"type-post","3":"status-publish","4":"format-standard","5":"has-post-thumbnail","7":"category-vaccini","8":"tag-health","9":"tag-it","10":"tag-italia","11":"tag-italy","12":"tag-salute","13":"tag-vaccine","14":"tag-vaccines","15":"tag-vaccini"},"share_on_mastodon":{"url":"","error":""},"_links":{"self":[{"href":"https:\/\/www.europesays.com\/it\/wp-json\/wp\/v2\/posts\/63926","targetHints":{"allow":["GET"]}}],"collection":[{"href":"https:\/\/www.europesays.com\/it\/wp-json\/wp\/v2\/posts"}],"about":[{"href":"https:\/\/www.europesays.com\/it\/wp-json\/wp\/v2\/types\/post"}],"author":[{"embeddable":true,"href":"https:\/\/www.europesays.com\/it\/wp-json\/wp\/v2\/users\/3"}],"replies":[{"embeddable":true,"href":"https:\/\/www.europesays.com\/it\/wp-json\/wp\/v2\/comments?post=63926"}],"version-history":[{"count":0,"href":"https:\/\/www.europesays.com\/it\/wp-json\/wp\/v2\/posts\/63926\/revisions"}],"wp:featuredmedia":[{"embeddable":true,"href":"https:\/\/www.europesays.com\/it\/wp-json\/wp\/v2\/media\/63927"}],"wp:attachment":[{"href":"https:\/\/www.europesays.com\/it\/wp-json\/wp\/v2\/media?parent=63926"}],"wp:term":[{"taxonomy":"category","embeddable":true,"href":"https:\/\/www.europesays.com\/it\/wp-json\/wp\/v2\/categories?post=63926"},{"taxonomy":"post_tag","embeddable":true,"href":"https:\/\/www.europesays.com\/it\/wp-json\/wp\/v2\/tags?post=63926"}],"curies":[{"name":"wp","href":"https:\/\/api.w.org\/{rel}","templated":true}]}}