{"id":63928,"date":"2025-08-23T08:47:20","date_gmt":"2025-08-23T08:47:20","guid":{"rendered":"https:\/\/www.europesays.com\/it\/63928\/"},"modified":"2025-08-23T08:47:20","modified_gmt":"2025-08-23T08:47:20","slug":"ostetrica-a-domicilio-per-le-neomamme-bergamasche-liniziativa-regionale-anche-al-papa-giovanni","status":"publish","type":"post","link":"https:\/\/www.europesays.com\/it\/63928\/","title":{"rendered":"Ostetrica a domicilio per le neomamme bergamasche: l&#8217;iniziativa regionale anche al Papa Giovanni"},"content":{"rendered":"<p><strong>Regione Lombardia<\/strong> sostiene le <strong>neomamme<\/strong> e i bambini. L\u2019assessore regionale al Welfare, Guido Bertolaso, commenta il progetto pilota \u2018Continuit\u00e0 assistenziale ostetrica: la prima visita domiciliare dopo il parto\u2019, che prevede la presenza di<strong> un\u2019ostetrica a casa<\/strong> delle donne nei primi giorni dopo la nascita, approvato con delibera recente dalla Giunta regionale.<\/p>\n<p>\u201cCon questo progetto \u2013 sottolinea l\u2019assessore <strong>Bertolaso<\/strong> \u2013 entriamo nelle case delle famiglie. La visita a domicilio dell\u2019ostetrica \u00e8 un gesto di attenzione e vicinanza che aiuta la mamma, il bambino e tutta la famiglia a vivere in modo pi\u00f9 sereno i primi giorni insieme. \u00c8 particolarmente importante nelle zone montane e periferiche, ma anche in citt\u00e0, soprattutto per intercettare eventuali situazioni di difficolt\u00e0 personale e sociale. \u00c8 un investimento di Regione Lombardia non solo sul benessere, sulla prevenzione e sul futuro della nostra comunit\u00e0, ma anche e soprattutto si collega ad altre iniziative per sostenere la natalit\u00e0 e rappresenta un tassello della nostra battaglia contro l\u2019inverno demografico\u201d.<\/p>\n<p>L\u2019iniziativa nasce per accompagnare le famiglie in una fase delicata come il<strong> rientro a casa con il neonato<\/strong>, garantendo non solo assistenza sanitaria, ma anche supporto emotivo e pratico. L\u2019ostetrica potr\u00e0<strong> sostenere la neomamma<\/strong> stessa nella gestione della sua salute, nell\u2019accudimento del suo neonato ad esempio nella gestione dell\u2019allattamento, ma soprattutto intercettare tempestivamente eventuali difficolt\u00e0 fisiche, psicologiche o sociali attivando gli specialisti competenti e favorire cos\u00ec una genitorialit\u00e0 serena.<\/p>\n<p><a class=\"gofollow\" data-track=\"MTQxLDQ3LDEsMTA=\" href=\"https:\/\/www.farmaciavisini.it\/\" rel=\"nofollow noopener\" target=\"_blank\">&#13;<br \/>\n&#13;<br \/>\n   &#13;<br \/>\n  <img decoding=\"async\" src=\"https:\/\/www.europesays.com\/it\/wp-content\/uploads\/2025\/07\/visini-desktop-2.jpg\" alt=\"visini desktop 2 - La Voce delle Valli\" width=\"750\" height=\"100\" loading=\"lazy\" fetchpriority=\"low\"\/>&#13;<br \/>\n&#13;<br \/>\n<\/a><br \/>\n<a class=\"gofollow\" data-track=\"MTQyLDQ4LDEsMTA=\" href=\"https:\/\/www.capellielettrodomestici.it\/volantino-e-offerte\/\" rel=\"nofollow noopener\" target=\"_blank\">&#13;<br \/>\n&#13;<br \/>\n   &#13;<br \/>\n  <img decoding=\"async\" src=\"https:\/\/www.europesays.com\/it\/wp-content\/uploads\/2025\/08\/Voce-delle-valli-Trony-Zogno-dal-21-agosto-al-10-settembre-copia.webp.webp\" alt=\"Voce delle valli Trony Zogno dal 21 agosto al 10 settembre copia - La Voce delle Valli\" width=\"750\" height=\"100\" loading=\"lazy\" fetchpriority=\"low\"\/>&#13;<br \/>\n&#13;<br \/>\n<\/a><\/p>\n<p>La sperimentazione rientra nel pi\u00f9 ampio impegno di Regione Lombardia per contrastare il cosiddetto<strong> \u2018inverno demografico\u2019<\/strong>, il<strong> calo delle nascite<\/strong> che riguarda tutta l\u2019Italia. E segue misure specifiche finalizzate a sostenere la genitorialit\u00e0, il potenziamento dei consultori familiari, i bonus per la natalit\u00e0 e gli investimenti nel percorso nascita.<\/p>\n<p>Il progetto permette anche di<strong> valutare il contesto quotidiano<\/strong> in cui vive la famiglia, se ci sono fattori che possono influenzare la salute come la sicurezza, l\u2019igiene, gli stili di vita ambientali e se \u00e8 presente un supporto familiare. Contribuisce cos\u00ec ad una vera continuit\u00e0 assistenziale ostetrica pi\u00f9 efficace e coordinata integrando il percorso del parto in ospedale con la vita quotidiana della neo-famiglia.<\/p>\n<p>Portare l\u2019assistenza ostetrica a domicilio significa <strong>abbattere distanze e barriere<\/strong>, garantendo equit\u00e0 di accesso alle cure e un supporto tempestivo anche nelle zone montane e periferiche.\u00a0L\u2019iniziativa inoltre ha una forte valenza sociale, non si limita al controllo clinico, ma offre un sostegno completo alle famiglie, soprattutto nei casi di maggiore fragilit\u00e0. La fase pilota <strong>durer\u00e0 12 mesi<\/strong> e un finanziamento complessivo di 500.000 euro.<\/p>\n<p><strong>Coinvolger\u00e0 i seguenti territori lombardi:<\/strong><\/p>\n<ul>\n<li>Provincia di Pavia con IRCCS San Matteo di Pavia e ASST Pavia;<\/li>\n<li>Provincia di Como con ASST Lariana;<\/li>\n<li>Provincia di Varese con ASST Sette Laghi e ASST Valle Olona;<\/li>\n<li>Provincia di Sondrio con ASST Valtellina e Alto Lario;<\/li>\n<li>Provincia di Brescia con ASST Valcamonica e ASST Spedali Civili di Brescia;<\/li>\n<li><strong>Provincia di Bergamo<\/strong> con ASST Papa Giovanni XXIII, ASST Bergamo Est e ASST Bergamo Ovest;<\/li>\n<li>Provincia di Milano ASST Fatebenefratelli Sacco e IRCCS Policlinico di Milano.<\/li>\n<\/ul>\n","protected":false},"excerpt":{"rendered":"Regione Lombardia sostiene le neomamme e i bambini. L\u2019assessore regionale al Welfare, Guido Bertolaso, commenta il progetto pilota&hellip;\n","protected":false},"author":3,"featured_media":63929,"comment_status":"","ping_status":"","sticky":false,"template":"","format":"standard","meta":{"footnotes":""},"categories":[1481],"tags":[2065,2066,239,2063,2064,1537,90,89,240],"class_list":{"0":"post-63928","1":"post","2":"type-post","3":"status-publish","4":"format-standard","5":"has-post-thumbnail","7":"category-assistenza-sanitaria","8":"tag-assistenza-sanitaria","9":"tag-assistenzasanitaria","10":"tag-health","11":"tag-health-care","12":"tag-healthcare","13":"tag-it","14":"tag-italia","15":"tag-italy","16":"tag-salute"},"share_on_mastodon":{"url":"","error":""},"_links":{"self":[{"href":"https:\/\/www.europesays.com\/it\/wp-json\/wp\/v2\/posts\/63928","targetHints":{"allow":["GET"]}}],"collection":[{"href":"https:\/\/www.europesays.com\/it\/wp-json\/wp\/v2\/posts"}],"about":[{"href":"https:\/\/www.europesays.com\/it\/wp-json\/wp\/v2\/types\/post"}],"author":[{"embeddable":true,"href":"https:\/\/www.europesays.com\/it\/wp-json\/wp\/v2\/users\/3"}],"replies":[{"embeddable":true,"href":"https:\/\/www.europesays.com\/it\/wp-json\/wp\/v2\/comments?post=63928"}],"version-history":[{"count":0,"href":"https:\/\/www.europesays.com\/it\/wp-json\/wp\/v2\/posts\/63928\/revisions"}],"wp:featuredmedia":[{"embeddable":true,"href":"https:\/\/www.europesays.com\/it\/wp-json\/wp\/v2\/media\/63929"}],"wp:attachment":[{"href":"https:\/\/www.europesays.com\/it\/wp-json\/wp\/v2\/media?parent=63928"}],"wp:term":[{"taxonomy":"category","embeddable":true,"href":"https:\/\/www.europesays.com\/it\/wp-json\/wp\/v2\/categories?post=63928"},{"taxonomy":"post_tag","embeddable":true,"href":"https:\/\/www.europesays.com\/it\/wp-json\/wp\/v2\/tags?post=63928"}],"curies":[{"name":"wp","href":"https:\/\/api.w.org\/{rel}","templated":true}]}}