{"id":63932,"date":"2025-08-23T08:50:18","date_gmt":"2025-08-23T08:50:18","guid":{"rendered":"https:\/\/www.europesays.com\/it\/63932\/"},"modified":"2025-08-23T08:50:18","modified_gmt":"2025-08-23T08:50:18","slug":"antonello-cardellini-onorato-di-essere-con-san-giustino","status":"publish","type":"post","link":"https:\/\/www.europesays.com\/it\/63932\/","title":{"rendered":"Antonello Cardellini: \u00abOnorato di essere con San Giustino\u00bb"},"content":{"rendered":"<p>&#13;<br \/>\n\t&#13;<br \/>\n\t&#13;<\/p>\n<p>\t\t<img fetchpriority=\"high\" decoding=\"async\" class=\"size-full wp-image-165540\" src=\"https:\/\/www.europesays.com\/it\/wp-content\/uploads\/2025\/08\/Cardellini-Antonello-e1755876994650.jpg\" alt=\"Cardellini Antonello\" width=\"300\" height=\"200\"\/>Antonello Cardellini<\/p>\n<p style=\"text-align: justify;\">Si registrano ancora aggiustamenti nei quadri dirigenziali delle societ\u00e0 sportive, la Altotevere San Giustino che parteciper\u00e0 alla serie A3 maschile ha inserito nel ruolo di general manager un personaggio noto del territorio. Si tratta del tifernate <strong>Antonello Cardellini<\/strong>, che commenta cos\u00ec: \u00abStar\u00f2 vicino alla formazione maggiore, seguendola durante la settimana negli allenamenti al palasport e poi nelle trasferte di campionato ma mi attendono anche altre mansioni che concorder\u00f2 con la dirigenza. Per me \u00e8 come aver raggiunto un altro importante traguardo anche perch\u00e9 non sono pi\u00f9 giovanissimo. Un piacere e insieme un onore l\u2019aver constatato che una societ\u00e0 ben strutturata e con importanti ambizioni come quella biancoazzurra abbia deciso di riporre fiducia in me. Una fiducia che \u00e8 senza dubbio dovuta all\u2019esperienza accumulata in quasi mezzo secolo di attivit\u00e0 e della rete di conoscenze e relazioni che ho costruito in questo lasso di tempo, stando anche a diretto contatto con la Lega. Debbo allora rivolgere un particolare ringraziamento alle due persone che mi hanno indicato, l\u2019amministratore delegato Claudio Bigi e il dottor Gianluca Neri\u00bb.<\/p>\n<p>\t&#13;<br \/>\n\t&#13;<\/p>\n","protected":false},"excerpt":{"rendered":"&#13; &#13; &#13; Antonello Cardellini Si registrano ancora aggiustamenti nei quadri dirigenziali delle societ\u00e0 sportive, la Altotevere San&hellip;\n","protected":false},"author":3,"featured_media":63933,"comment_status":"","ping_status":"","sticky":false,"template":"","format":"standard","meta":{"footnotes":""},"categories":[1474],"tags":[1537,90,89,245,244,1869],"class_list":{"0":"post-63932","1":"post","2":"type-post","3":"status-publish","4":"format-standard","5":"has-post-thumbnail","7":"category-volley","8":"tag-it","9":"tag-italia","10":"tag-italy","11":"tag-sport","12":"tag-sports","13":"tag-volley"},"share_on_mastodon":{"url":"","error":""},"_links":{"self":[{"href":"https:\/\/www.europesays.com\/it\/wp-json\/wp\/v2\/posts\/63932","targetHints":{"allow":["GET"]}}],"collection":[{"href":"https:\/\/www.europesays.com\/it\/wp-json\/wp\/v2\/posts"}],"about":[{"href":"https:\/\/www.europesays.com\/it\/wp-json\/wp\/v2\/types\/post"}],"author":[{"embeddable":true,"href":"https:\/\/www.europesays.com\/it\/wp-json\/wp\/v2\/users\/3"}],"replies":[{"embeddable":true,"href":"https:\/\/www.europesays.com\/it\/wp-json\/wp\/v2\/comments?post=63932"}],"version-history":[{"count":0,"href":"https:\/\/www.europesays.com\/it\/wp-json\/wp\/v2\/posts\/63932\/revisions"}],"wp:featuredmedia":[{"embeddable":true,"href":"https:\/\/www.europesays.com\/it\/wp-json\/wp\/v2\/media\/63933"}],"wp:attachment":[{"href":"https:\/\/www.europesays.com\/it\/wp-json\/wp\/v2\/media?parent=63932"}],"wp:term":[{"taxonomy":"category","embeddable":true,"href":"https:\/\/www.europesays.com\/it\/wp-json\/wp\/v2\/categories?post=63932"},{"taxonomy":"post_tag","embeddable":true,"href":"https:\/\/www.europesays.com\/it\/wp-json\/wp\/v2\/tags?post=63932"}],"curies":[{"name":"wp","href":"https:\/\/api.w.org\/{rel}","templated":true}]}}