{"id":639414,"date":"2026-08-19T10:13:23","date_gmt":"2026-08-19T10:13:23","guid":{"rendered":"https:\/\/www.europesays.com\/it\/639414\/"},"modified":"2026-08-19T10:13:23","modified_gmt":"2026-08-19T10:13:23","slug":"uae-emirates-xrg-tutto-fatto-per-il-rinnovo-del-contratto-di-tadej-pogacar-correra-fino-al-2032","status":"publish","type":"post","link":"https:\/\/www.europesays.com\/it\/639414\/","title":{"rendered":"UAE Emirates XRG, tutto fatto per il rinnovo del contratto di Tadej Poga\u010dar: correr\u00e0 fino al 2032"},"content":{"rendered":"<p>\t\t<img width=\"1200\" height=\"800\" src=\"https:\/\/www.europesays.com\/it\/wp-content\/uploads\/2026\/06\/1277513821.jpg\" class=\"attachment-full size-full wp-post-image\" alt=\"\" data-main-img=\"1\" decoding=\"async\" fetchpriority=\"high\"  \/><\/p>\n<p>\t\t\t\t\t\t\t \u00a9 Sirotti<\/p>\n<p>\t\t\t\t\t<a href=\"https:\/\/cyclingpro.net\/spaziociclismo\/altro\/scopri-lapp-ufficiale-di-spaziociclismo\/\" title=\"\" rel=\"nofollow noopener\" target=\"_blank\"><br \/>\n\t\t\t\t\t\t<img loading=\"lazy\" decoding=\"async\" src=\"https:\/\/www.europesays.com\/it\/wp-content\/uploads\/2025\/09\/1758060682_662_Banner-App-SpazioCiclismo.png\" alt=\"\" width=\"728\" height=\"91\"\/><br \/>\n\t\t\t\t\t<\/a><\/p>\n<p>Da qualche tempo se ne parlava, ma ora la cosa sembra realt\u00e0. In attesa di comunicazioni ufficiali da parte della squadra, la <strong>UAE Emirates XRG<\/strong> e<strong> Tadej Poga\u010dar<\/strong> hanno trovato l\u2019accordo per il prolungamento del contratto che li lega. Sul ciclista attualmente pi\u00f9 forte al mondo, nonch\u00e9, probabilmente, quello pi\u00f9 forte di tutti i tempi, avevano iniziato a circolare voci sul suo ritiro dalle scene, magari anche anticipato rispetto al contratto in essere in questo momento, <a href=\"https:\/\/cyclingpro.net\/spaziociclismo\/worldtour\/uae-emirates-tadej-pogacar-rinnova-fino-al-2030-non-riesco-ad-immaginarmi-altrove\/\" target=\"_blank\" rel=\"noopener nofollow\">ovvero quello con scadenza a fine 2030<\/a>. E invece, lo sloveno, che compir\u00e0 28 anni fra pochi giorni, vuole avere ancora parecchie stagioni davanti a s\u00e9.<\/p>\n<p> <a href=\"https:\/\/cyclingpro.net\/spaziociclismo\/abbonati\/\" rel=\"nofollow noopener\" target=\"_blank\"><img decoding=\"async\" src=\"https:\/\/www.europesays.com\/it\/wp-content\/uploads\/2026\/07\/Banner-AdFree-SpazioCiclismo.png\"\/><\/a><\/p>\n<p>Secondo quel che riporta<a href=\"https:\/\/x.com\/dnlbenson\/status\/2089952740025757743\" target=\"_blank\" rel=\"noopener nofollow\"> Daniel Benson,<\/a> il corridore, i suoi rappresentanti e la squadra si incontreranno prima della partenza della <strong>Vuelta a Espa\u00f1a 2026<\/strong> (prevista per sabato 22 agosto) per formalizzare quello che \u00e8 un accordo ormai gi\u00e0 definito. Tadej Poga\u010dar firmer\u00e0 un prolungamento di contratto, con nuovi termini rispetto al precedente e con scadenza allungata fino alla fine della stagione 2032.<\/p>\n<p>Senza contare le settimane che ci separano dalla fine dell\u2019annata 2026, il campione sloveno avrebbe quindi davanti altre 6 stagioni per allargare la sua gi\u00e0 sterminata bacheca di trofei e per continuare a scrivere la storia del ciclismo a suon di primati. Chiss\u00e0 che non gli interessi, magari, arrivare alla doppia cifra di <strong>Tour de France<\/strong> vinti: contando i cinque gi\u00e0 incamerati e i potenziali 6 ancora di l\u00e0 da venire, non sembra un\u2019ipotesi cos\u00ec peregrina\u2026<\/p>\n<p>Seguici<\/p>\n<p>\t\t\t\t\t\t\t\t\t\t<a href=\"https:\/\/news.google.com\/publications\/CAAqKQgKIiNDQklTRkFnTWFoQUtEbU41WTJ4cGJtZHdjbTh1Ym1WMEtBQVAB?hl=it&amp;gl=IT&amp;ceid=IT%3Ait\" title=\"Google News\" target=\"_blank\" rel=\"nofollow noopener\" class=\"post-followus-btn google-new-btn\"><br \/>\n\t\t\t\t\t\t<img decoding=\"async\" src=\"https:\/\/cyclingpro.net\/spaziociclismo\/wp-content\/themes\/jannah\/assets\/images\/google-news.svg\" alt=\"Google News\" loading=\"lazy\" width=\"120\" height=\"22\"\/><br \/>\n\t\t\t\t\t<\/a><br \/>\n\t\t\t\t\t\t\t\t\t\t<a href=\"https:\/\/flipboard.com\/@SpazioCiclismo\" title=\"Flipboard\" target=\"_blank\" rel=\"nofollow noopener\" class=\"post-followus-btn flipboard-btn\"><br \/>\n\t\t\t\t\t\t<img decoding=\"async\" src=\"https:\/\/cyclingpro.net\/spaziociclismo\/wp-content\/themes\/jannah\/assets\/images\/flipboard.svg\" alt=\"Flipboard\" loading=\"lazy\" width=\"152\" height=\"30\"\/><br \/>\n\t\t\t\t\t<\/a><\/p>\n","protected":false},"excerpt":{"rendered":"\u00a9 Sirotti Da qualche tempo se ne parlava, ma ora la cosa sembra realt\u00e0. In attesa di comunicazioni&hellip;\n","protected":false},"author":3,"featured_media":550954,"comment_status":"","ping_status":"","sticky":false,"template":"","format":"standard","meta":{"footnotes":"","_share_on_mastodon":"0"},"categories":[1456],"tags":[1824,18904,1825,1537,90,89,245,244,1531,145510],"class_list":["post-639414","post","type-post","status-publish","format-standard","has-post-thumbnail","category-ciclismo","tag-ciclismo","tag-ciclomercato","tag-cycling","tag-it","tag-italia","tag-italy","tag-sport","tag-sports","tag-tadej-pogacar","tag-uae-team-emirates-xrg-2026"],"share_on_mastodon":{"url":"https:\/\/pubeurope.com\/@it\/117121648269355792","error":""},"_links":{"self":[{"href":"https:\/\/www.europesays.com\/it\/wp-json\/wp\/v2\/posts\/639414","targetHints":{"allow":["GET"]}}],"collection":[{"href":"https:\/\/www.europesays.com\/it\/wp-json\/wp\/v2\/posts"}],"about":[{"href":"https:\/\/www.europesays.com\/it\/wp-json\/wp\/v2\/types\/post"}],"author":[{"embeddable":true,"href":"https:\/\/www.europesays.com\/it\/wp-json\/wp\/v2\/users\/3"}],"replies":[{"embeddable":true,"href":"https:\/\/www.europesays.com\/it\/wp-json\/wp\/v2\/comments?post=639414"}],"version-history":[{"count":0,"href":"https:\/\/www.europesays.com\/it\/wp-json\/wp\/v2\/posts\/639414\/revisions"}],"wp:featuredmedia":[{"embeddable":true,"href":"https:\/\/www.europesays.com\/it\/wp-json\/wp\/v2\/media\/550954"}],"wp:attachment":[{"href":"https:\/\/www.europesays.com\/it\/wp-json\/wp\/v2\/media?parent=639414"}],"wp:term":[{"taxonomy":"category","embeddable":true,"href":"https:\/\/www.europesays.com\/it\/wp-json\/wp\/v2\/categories?post=639414"},{"taxonomy":"post_tag","embeddable":true,"href":"https:\/\/www.europesays.com\/it\/wp-json\/wp\/v2\/tags?post=639414"}],"curies":[{"name":"wp","href":"https:\/\/api.w.org\/{rel}","templated":true}]}}