{"id":63943,"date":"2025-08-23T08:57:09","date_gmt":"2025-08-23T08:57:09","guid":{"rendered":"https:\/\/www.europesays.com\/it\/63943\/"},"modified":"2025-08-23T08:57:09","modified_gmt":"2025-08-23T08:57:09","slug":"noemi-la-canzone-di-vasco-e-il-coro-del-psg-diventato-virale-il-web-impazzisce","status":"publish","type":"post","link":"https:\/\/www.europesays.com\/it\/63943\/","title":{"rendered":"Noemi, la canzone di Vasco e il coro del Psg diventato virale: il web impazzisce"},"content":{"rendered":"<p><strong>PARIGI (FRANCIA)<\/strong> &#8211; Il successo di <strong>Noemi <\/strong>travalica i confini italiani e arriva fino in <strong>Francia<\/strong>. La cantante romana, classe 1982, ha infatti spopolato a <strong>Parigi<\/strong>, diventando celebre soprattutto nel mondo del calcio transalpino: uno dei suoi pezzi pi\u00f9 famosi, &#8216;<strong>Vuoto a perdere<\/strong>&#8216;, ha ispirato l&#8217;<strong>inno degli ultras del <a href=\"https:\/\/www.corrieredellosport.it\/news\/calcio\/calcio-estero\/ligue-1\/2025\/08\/22-142686315\/ligue_1_al_psg_basta_fabin_ruiz_per_battere_l_angers\" rel=\"nofollow noopener\" target=\"_blank\">Paris Saint-Germain<\/a><\/strong>, &#8216;<strong>Tous ensemble, on chantera<\/strong>&#8216;, la cui melodia &#8211; adottata anche dai tifosi di Napoli con il famoso coro &#8216;<strong>Sar\u00f2 con te<\/strong>&#8216; &#8211; accompagna i cori del gruppo <strong>Virage Auteuil<\/strong>, al <strong>Parco dei Principi<\/strong>.<\/p>\n<p>Noemi e l&#8217;inno del Psg campione d&#8217;Europa: &#8220;Sono onorata&#8221;<\/p>\n<p>&#8220;Paris SG, tous ensemble on chantera, cet amour qu\u2019on a pour toi, qui ne cessera jamais\u2026&#8221;, \u00e8 la colonna sonora dei parigini, laureatisi <strong>campioni d&#8217;Europa<\/strong> nella storica<strong> finale di Monaco di Baviera<\/strong> contro l&#8217;<strong>Inter<\/strong>. Una rivisitazione, diventata presto tormentone sul web, che prende spunto dal brano di <strong>Noemi del 2011, scritto da Vasco Rossi<\/strong>: &#8220;Sono una grande tifosa di calcio, quindi \u00e8 stato incredibile sentire migliaia di persone cantare insieme questa melodia. \u00c8 un sogno diventato realt\u00e0&#8221;, sottolinea la <strong>cantante romana<\/strong>. &#8220;\u00c8 un onore far parte, almeno in piccola misura, di questa grande storia&#8221;.<\/p>\n<p>\u00a9 RIPRODUZIONE RISERVATA<a href=\"https:\/\/www.corrieredellosport.it\/calcio\/calcio-estero\/ligue-1\/psg\" class=\"Button_button__r_ga_ Button_filled___FzKx\" rel=\"nofollow noopener\" target=\"_blank\">Tutte le news di Psg<\/a><\/p>\n","protected":false},"excerpt":{"rendered":"PARIGI (FRANCIA) &#8211; Il successo di Noemi travalica i confini italiani e arriva fino in Francia. La cantante&hellip;\n","protected":false},"author":3,"featured_media":63944,"comment_status":"","ping_status":"","sticky":false,"template":"","format":"standard","meta":{"footnotes":""},"categories":[1452],"tags":[721,1740,1537,90,89,1739,245,244],"class_list":{"0":"post-63943","1":"post","2":"type-post","3":"status-publish","4":"format-standard","5":"has-post-thumbnail","7":"category-calcio","8":"tag-calcio","9":"tag-football","10":"tag-it","11":"tag-italia","12":"tag-italy","13":"tag-soccer","14":"tag-sport","15":"tag-sports"},"share_on_mastodon":{"url":"","error":""},"_links":{"self":[{"href":"https:\/\/www.europesays.com\/it\/wp-json\/wp\/v2\/posts\/63943","targetHints":{"allow":["GET"]}}],"collection":[{"href":"https:\/\/www.europesays.com\/it\/wp-json\/wp\/v2\/posts"}],"about":[{"href":"https:\/\/www.europesays.com\/it\/wp-json\/wp\/v2\/types\/post"}],"author":[{"embeddable":true,"href":"https:\/\/www.europesays.com\/it\/wp-json\/wp\/v2\/users\/3"}],"replies":[{"embeddable":true,"href":"https:\/\/www.europesays.com\/it\/wp-json\/wp\/v2\/comments?post=63943"}],"version-history":[{"count":0,"href":"https:\/\/www.europesays.com\/it\/wp-json\/wp\/v2\/posts\/63943\/revisions"}],"wp:featuredmedia":[{"embeddable":true,"href":"https:\/\/www.europesays.com\/it\/wp-json\/wp\/v2\/media\/63944"}],"wp:attachment":[{"href":"https:\/\/www.europesays.com\/it\/wp-json\/wp\/v2\/media?parent=63943"}],"wp:term":[{"taxonomy":"category","embeddable":true,"href":"https:\/\/www.europesays.com\/it\/wp-json\/wp\/v2\/categories?post=63943"},{"taxonomy":"post_tag","embeddable":true,"href":"https:\/\/www.europesays.com\/it\/wp-json\/wp\/v2\/tags?post=63943"}],"curies":[{"name":"wp","href":"https:\/\/api.w.org\/{rel}","templated":true}]}}