{"id":639439,"date":"2026-08-19T10:37:17","date_gmt":"2026-08-19T10:37:17","guid":{"rendered":"https:\/\/www.europesays.com\/it\/639439\/"},"modified":"2026-08-19T10:37:17","modified_gmt":"2026-08-19T10:37:17","slug":"volley-femminile-le-convocate-dellitalia-per-i-giochi-del-mediterraneo","status":"publish","type":"post","link":"https:\/\/www.europesays.com\/it\/639439\/","title":{"rendered":"Volley femminile, le convocate dell&#8217;Italia per i Giochi del Mediterraneo"},"content":{"rendered":"<p class=\"PDq2pG_selectionAnchorContainer\" data-start=\"133\" data-end=\"702\"><strong data-start=\"133\" data-end=\"227\">Prende sempre pi\u00f9 forma l\u2019Italia che affronter\u00e0 i Giochi del Mediterraneo di Taranto 2026.<\/strong> Mentre la Nazionale maggiore di Julio Velasco si prepara agli Europei, la selezione B guidata da <strong data-start=\"325\" data-end=\"341\">Carlo Parisi<\/strong> sta completando il percorso di avvicinamento alla rassegna multidisciplinare in programma in Puglia dal <strong data-start=\"446\" data-end=\"474\">21 agosto al 3 settembre<\/strong>. Un gruppo nel quale convivono giocatrici gi\u00e0 affacciatesi alla Nazionale maggiore, elementi con esperienza in Serie A1 e giovani sulle quali lo staff federale sta lavorando in prospettiva. Dopo il triangolare internazionale disputato a Urbino contro Grecia e Svezia, le azzurre hanno proseguito la preparazione con il collegiale di <strong data-start=\"847\" data-end=\"863\">Darfo Boario<\/strong> e le due amichevoli contro la Romania a Costa Volpino. Il nucleo indicato per questa fase comprende <strong data-start=\"964\" data-end=\"981\">13 giocatrici<\/strong>, ma una casella rimane sostanzialmente da riempire: quella della seconda opposta.<\/p>\n<p data-start=\"1103\" data-end=\"1689\">La situazione \u00e8 cambiata con la promozione di <strong data-start=\"1149\" data-end=\"1165\">Merit Adigwe<\/strong> nel gruppo che Julio Velasco porter\u00e0 agli Europei. La giovane opposta figura infatti nelle 14 della Nazionale maggiore e questo obbliga Parisi a completare il reparto che, al momento, comprende <strong data-start=\"1360\" data-end=\"1380\">Josephine Obossa<\/strong>. Una possibilit\u00e0 concreta, se lo staff decidesse di pescare nuovamente dal gruppo allargato utilizzato durante la stagione, sarebbe <strong data-start=\"1513\" data-end=\"1527\">Binto Diop<\/strong>: non risulta per\u00f2, nelle fonti consultate, una convocazione definitiva per i Giochi e dunque il suo eventuale inserimento va considerato per ora come un\u2019ipotesi.<\/p>\n<p data-start=\"1691\" data-end=\"2163\"><strong data-start=\"1691\" data-end=\"1797\">Diop sarebbe comunque una soluzione assolutamente coerente con il percorso costruito durante l\u2019estate.<\/strong> Era stata inserita da Velasco nella lista della Squadra B annunciata ad aprile ed era stata convocata da Parisi gi\u00e0 per il terzo ritiro stagionale di maggio. Inoltre ha fatto parte del gruppo allargato italiano della VNL 2026. Reduce dalla stagione con Cuneo, nella prossima annata giocher\u00e0 con la <strong data-start=\"2096\" data-end=\"2124\">Numia Vero Volley Milano<\/strong>. <strong data-start=\"2165\" data-end=\"2249\">In cabina di regia Parisi pu\u00f2 contare su Chidera Blessing Eze e Francesca Scola.<\/strong> Eze ha trascorso l\u2019ultima stagione a Bergamo ed \u00e8 stata coinvolta anche nel percorso della Nazionale maggiore, comparendo nella lista allargata della VNL. Scola, classe 2001 e 183 centimetri, \u00e8 invece una palleggiatrice che ha fatto parte con continuit\u00e0 del progetto azzurro durante questa estate.<\/p>\n<p data-start=\"2587\" data-end=\"3101\">Particolarmente nutrito il reparto delle <strong data-start=\"2628\" data-end=\"2646\">schiacciatrici<\/strong>, composto da <strong data-start=\"2660\" data-end=\"2746\">Valeria Battista, Alessia Bolzonetti, Beatrice Gardini, Alice Nardo e Alice Tanase<\/strong>. \u00c8 forse il settore che meglio racconta la funzione di questa Nazionale B: dare spazio a giocatrici che possono provare ad avvicinarsi progressivamente al gruppo principale. Bolzonetti, classe 2002, nella prossima stagione giocher\u00e0 con Vallefoglia, mentre Gardini, classe 2003 e alta 187 centimetri, sar\u00e0 a Macerata. <strong data-start=\"3103\" data-end=\"3159\">Alice Tanase rappresenta un caso leggermente diverso<\/strong>, perch\u00e9 nel corso della stagione era stata inserita da Velasco direttamente nella lista della Squadra A. Ha fatto parte del gruppo allargato della Nations League e la sua presenza con la selezione di Parisi offre qualit\u00e0 ed esperienza a un reparto nel quale la concorrenza sar\u00e0 importante.<\/p>\n<p data-start=\"3489\" data-end=\"3995\">Al centro c\u2019\u00e8 invece un interessante miscuglio tra esperienza e prospettiva. <strong data-start=\"3566\" data-end=\"3584\">Yasmina Akrari<\/strong> \u00e8 il riferimento pi\u00f9 navigato: dopo le stagioni trascorse con Pinerolo, torner\u00e0 nel 2026-2027 alla Reale Mutua Fenera Chieri. Nel suo curriculum recente c\u2019\u00e8 anche il titolo mondiale conquistato con l\u2019Italia nel 2025. Accanto a lei ci sono <strong data-start=\"3824\" data-end=\"3864\">Linda Manfredini e Dalila Marchesini<\/strong>, due giocatrici pi\u00f9 giovani gi\u00e0 inserite nel percorso delle Nazionali durante questa estate.<\/p>\n<p data-start=\"3997\" data-end=\"4346\">Marchesini, in particolare, arriva da una stagione in Serie A2 con Altino e nella prossima annata far\u00e0 il salto in A1 con <strong data-start=\"4119\" data-end=\"4136\">Busto Arsizio<\/strong>. Ha inoltre partecipato nel 2026 sia al percorso della Nazionale maggiore sia agli Europei Under 22, un altro segnale dell\u2019attenzione con cui viene seguita in prospettiva.<\/p>\n<p data-start=\"4348\" data-end=\"4822\"><strong data-start=\"4348\" data-end=\"4417\">Al momento l\u2019unica opposta indicata nel gruppo \u00e8 Josephine Obossa<\/strong>, giocatrice che porta con s\u00e9 un bagaglio importante di esperienza in Serie A1. Dopo le ultime due stagioni a Busto Arsizio, la sua carriera proseguir\u00e0 in Giappone con le <strong data-start=\"4588\" data-end=\"4610\">Toray Arrows Shiga<\/strong>. Anche Obossa \u00e8 stata coinvolta nel percorso della Nazionale durante il 2026, prendendo parte all\u2019AIA AeQuilibrium Cup ed entrando nel gruppo allargato della Nations League. A completare il gruppo c\u2019\u00e8 il libero <strong data-start=\"4861\" data-end=\"4876\">Ilenia Moro<\/strong>, altra atleta che ha frequentato il giro della Nazionale maggiore durante la stagione e che offre a Parisi una soluzione gi\u00e0 abituata al lavoro impostato dallo staff azzurro.<\/p>\n<p data-start=\"5091\" data-end=\"5695\">La composizione della squadra conferma dunque il significato attribuito dalla Federazione alla <strong data-start=\"5186\" data-end=\"5201\">Nazionale B<\/strong>. Non si tratta soltanto di costruire una formazione competitiva per Taranto, ma anche di ampliare quella profondit\u00e0 che pu\u00f2 diventare preziosa nel prossimo ciclo internazionale. La lista originaria comunicata ad aprile era significativamente diversa da quella arrivata alla fase conclusiva della preparazione: alcune giocatrici hanno scalato le gerarchie, altre sono entrate nel progetto e altre ancora hanno avuto opportunit\u00e0 con la Nazionale maggiore.<\/p>\n","protected":false},"excerpt":{"rendered":"Prende sempre pi\u00f9 forma l\u2019Italia che affronter\u00e0 i Giochi del Mediterraneo di Taranto 2026. Mentre la Nazionale maggiore&hellip;\n","protected":false},"author":3,"featured_media":639440,"comment_status":"","ping_status":"","sticky":false,"template":"","format":"standard","meta":{"footnotes":"","_share_on_mastodon":"0"},"categories":[1474],"tags":[171562,25393,171563,98866,259633,33609,262992,346774,99476,1537,90,89,98883,33617,245,244,98901,1869,11649],"class_list":["post-639439","post","type-post","status-publish","format-standard","has-post-thumbnail","category-volley","tag-alessia-bolzonetti","tag-alice-nardo","tag-alice-tanase","tag-beatrice-gardini","tag-chidera-blessing-eze","tag-dalila-marchesini","tag-francesca-scola","tag-giochi-del-mediterraneo-2026","tag-ilenia-moro","tag-it","tag-italia","tag-italy","tag-josephine-obossa","tag-linda-manfredini","tag-sport","tag-sports","tag-valeria-battista","tag-volley","tag-yasmina-akrari"],"share_on_mastodon":{"url":"https:\/\/pubeurope.com\/@it\/117121741475147308","error":""},"_links":{"self":[{"href":"https:\/\/www.europesays.com\/it\/wp-json\/wp\/v2\/posts\/639439","targetHints":{"allow":["GET"]}}],"collection":[{"href":"https:\/\/www.europesays.com\/it\/wp-json\/wp\/v2\/posts"}],"about":[{"href":"https:\/\/www.europesays.com\/it\/wp-json\/wp\/v2\/types\/post"}],"author":[{"embeddable":true,"href":"https:\/\/www.europesays.com\/it\/wp-json\/wp\/v2\/users\/3"}],"replies":[{"embeddable":true,"href":"https:\/\/www.europesays.com\/it\/wp-json\/wp\/v2\/comments?post=639439"}],"version-history":[{"count":0,"href":"https:\/\/www.europesays.com\/it\/wp-json\/wp\/v2\/posts\/639439\/revisions"}],"wp:featuredmedia":[{"embeddable":true,"href":"https:\/\/www.europesays.com\/it\/wp-json\/wp\/v2\/media\/639440"}],"wp:attachment":[{"href":"https:\/\/www.europesays.com\/it\/wp-json\/wp\/v2\/media?parent=639439"}],"wp:term":[{"taxonomy":"category","embeddable":true,"href":"https:\/\/www.europesays.com\/it\/wp-json\/wp\/v2\/categories?post=639439"},{"taxonomy":"post_tag","embeddable":true,"href":"https:\/\/www.europesays.com\/it\/wp-json\/wp\/v2\/tags?post=639439"}],"curies":[{"name":"wp","href":"https:\/\/api.w.org\/{rel}","templated":true}]}}