{"id":63945,"date":"2025-08-23T08:58:09","date_gmt":"2025-08-23T08:58:09","guid":{"rendered":"https:\/\/www.europesays.com\/it\/63945\/"},"modified":"2025-08-23T08:58:09","modified_gmt":"2025-08-23T08:58:09","slug":"nicolas-cage-sara-protagonista-di-una-delle-serie-piu-acclamate-degli-ultimi-anni","status":"publish","type":"post","link":"https:\/\/www.europesays.com\/it\/63945\/","title":{"rendered":"Nicolas Cage sar\u00e0 protagonista di una delle serie pi\u00f9 acclamate degli ultimi anni?"},"content":{"rendered":"<p data-start=\"222\" data-end=\"690\">Dal 2014, <strong>True Detective<\/strong> \u00e8 considerata una delle serie antologiche pi\u00f9 importanti e influenti della televisione contemporanea. Ogni stagione porta con s\u00e9 un nuovo caso, un\u2019ambientazione inedita e un cast di altissimo livello, capace di trasformare ogni capitolo in un evento unico. Ora, con la quinta stagione in fase di sviluppo, HBO sembra pronta ad alzare ulteriormente l\u2019asticella del progetto: secondo le indiscrezioni, il protagonista dei prossimi episodi potrebbe infatti essere nientemeno che <strong>Nicolas Cage<\/strong>.<\/p>\n<p data-start=\"692\" data-end=\"1245\">A rivelarlo \u00e8 stato <a href=\"https:\/\/deadline.com\/2025\/08\/nicolas-cage-true-detective-season-5-hbo-1236494884\/\" rel=\"nofollow noopener\" target=\"_blank\">Deadline<\/a>, che ha parlato di trattative avanzate tra l\u2019attore premio Oscar e la produzione della serie. Se l\u2019accordo venisse confermato, Cage interpreterebbe<strong> Henry Logan<\/strong>, un detective di New York impegnato a risolvere un caso ambientato nella zona di Jamaica Bay. La scelta di puntare su una star del suo calibro confermerebbe la volont\u00e0 di HBO di continuare a fare di True Detective un punto di riferimento per la serialit\u00e0 crime, dopo il successo internazionale della<a href=\"https:\/\/www.bestmovie.it\/bestserial\/true-detective-4-jodie-foster-e-la-protagonista-della-serie-nelle-prime-immagini-ufficiali-foto\/830710\/\" rel=\"nofollow noopener\" target=\"_blank\"> quarta stagione, Night Country, guidata da Jodie Foster<\/a>.<\/p>\n<p data-start=\"1247\" data-end=\"1880\">Per Cage si tratterebbe un debutto di grande rilievo sul piccolo schermo. L\u2019attore, che nel corso della sua carriera ha preso parte a pi\u00f9 di cento film, ha sempre privilegiato il cinema, alternando blockbuster come <strong>Face\/Off <\/strong>e <strong>Il mistero dei templari<\/strong> a ruoli autoriali che gli hanno valso l\u2019Oscar con <strong>Via da Las Vegas<\/strong>. Negli ultimi anni, inoltre, ha ritrovato nuova linfa artistica grazie a interpretazioni molto apprezzate dalla critica, come in <strong>Pig <\/strong>e <strong>Dream Scenario<\/strong>. Il suo ingresso in una serie come True Detective rappresenterebbe dunque una svolta significativa, capace di attirare l\u2019attenzione di fan e critica.<\/p>\n<p data-start=\"1882\" data-end=\"2333\">Non \u00e8 la prima volta che la serie si affida al magnetismo di interpreti gi\u00e0 consacrati: dalla coppia <strong>Matthew McConaughey-Woody Harrelson<\/strong> nella prima stagione, a <strong>Mahershala Ali<\/strong> nella terza, fino a<strong> Jodie Foster<\/strong> che con Night Country ha conquistato un Emmy, True Detective ha sempre trovato nella recitazione il suo cuore pulsante. Inserire Nicolas Cage in questa tradizione significherebbe proseguire nel solco di performance potenti e memorabili.<\/p>\n<p data-start=\"2335\" data-end=\"2677\">Al momento, tuttavia, nulla \u00e8 stato ufficializzato. Le riprese della quinta stagione dovrebbero partire nel 2026, con un\u2019uscita prevista per il <strong>2027<\/strong>. Tuttavia, l\u2019ipotesi di vedere Cage alle prese con un personaggio cupo e complesso come Henry Logan ha gi\u00e0 acceso la curiosit\u00e0 degli spettatori, alimentando le aspettative per il futuro della serie.<\/p>\n<p data-start=\"2679\" data-end=\"2944\">Che sia solo un\u2019indiscrezione o il primo passo verso una conferma ufficiale, una cosa \u00e8 certa: il nome di Nicolas Cage associato a True Detective basta da solo a trasformare la prossima stagione in <strong>uno degli appuntamenti televisivi pi\u00f9 attesi dei prossimi anni<\/strong>.<\/p>\n<p data-start=\"2679\" data-end=\"2944\">Foto: Neilson Barnard\/Getty Images<\/p>\n<p><b class=\"proprietary\">\u00a9 RIPRODUZIONE RISERVATA<\/b><\/p>\n","protected":false},"excerpt":{"rendered":"Dal 2014, True Detective \u00e8 considerata una delle serie antologiche pi\u00f9 importanti e influenti della televisione contemporanea. Ogni&hellip;\n","protected":false},"author":3,"featured_media":63946,"comment_status":"","ping_status":"","sticky":false,"template":"","format":"standard","meta":{"footnotes":""},"categories":[1451],"tags":[1621,1620,203,204,1537,90,89],"class_list":{"0":"post-63945","1":"post","2":"type-post","3":"status-publish","4":"format-standard","5":"has-post-thumbnail","7":"category-celebrita","8":"tag-celebrita","9":"tag-celebrities","10":"tag-entertainment","11":"tag-intrattenimento","12":"tag-it","13":"tag-italia","14":"tag-italy"},"share_on_mastodon":{"url":"","error":""},"_links":{"self":[{"href":"https:\/\/www.europesays.com\/it\/wp-json\/wp\/v2\/posts\/63945","targetHints":{"allow":["GET"]}}],"collection":[{"href":"https:\/\/www.europesays.com\/it\/wp-json\/wp\/v2\/posts"}],"about":[{"href":"https:\/\/www.europesays.com\/it\/wp-json\/wp\/v2\/types\/post"}],"author":[{"embeddable":true,"href":"https:\/\/www.europesays.com\/it\/wp-json\/wp\/v2\/users\/3"}],"replies":[{"embeddable":true,"href":"https:\/\/www.europesays.com\/it\/wp-json\/wp\/v2\/comments?post=63945"}],"version-history":[{"count":0,"href":"https:\/\/www.europesays.com\/it\/wp-json\/wp\/v2\/posts\/63945\/revisions"}],"wp:featuredmedia":[{"embeddable":true,"href":"https:\/\/www.europesays.com\/it\/wp-json\/wp\/v2\/media\/63946"}],"wp:attachment":[{"href":"https:\/\/www.europesays.com\/it\/wp-json\/wp\/v2\/media?parent=63945"}],"wp:term":[{"taxonomy":"category","embeddable":true,"href":"https:\/\/www.europesays.com\/it\/wp-json\/wp\/v2\/categories?post=63945"},{"taxonomy":"post_tag","embeddable":true,"href":"https:\/\/www.europesays.com\/it\/wp-json\/wp\/v2\/tags?post=63945"}],"curies":[{"name":"wp","href":"https:\/\/api.w.org\/{rel}","templated":true}]}}