{"id":639473,"date":"2026-08-19T11:05:15","date_gmt":"2026-08-19T11:05:15","guid":{"rendered":"https:\/\/www.europesays.com\/it\/639473\/"},"modified":"2026-08-19T11:05:15","modified_gmt":"2026-08-19T11:05:15","slug":"ufficiale-michael-cheika-torna-ad-allenare-nel-super-rugby-pacific","status":"publish","type":"post","link":"https:\/\/www.europesays.com\/it\/639473\/","title":{"rendered":"Ufficiale: Michael Cheika torna ad allenare nel Super Rugby Pacific"},"content":{"rendered":"<p class=\"excerpt\">Dopo 12 anni l&#8217;allenatore di origine libanese far\u00f2 ritorno a Sydney<\/p>\n<p>\t\t\t<a href=\"https:\/\/www.onrugby.it\/2026\/08\/19\/ufficiale-michael-cheika-torna-ad-allenare-nel-super-rugby-pacific\/\" title=\"Ufficiale: Michael Cheika torna ad allenare nel Super Rugby Pacific\" rel=\"nofollow noopener\" target=\"_blank\"><\/p>\n<p>\t\t\t\t\t\t<img src=\"https:\/\/www.europesays.com\/it\/wp-content\/uploads\/2026\/08\/BT3D6906-\u00a9sebastiano-pessina-230x153.jpg\"  alt=\"\"  fetchpriority=\"auto\" loading=\"lazy\" decoding=\"async\" width=\"230\" height=\"153\"\/><br \/>\n\t\t\t<\/a><\/p>\n<p class=\"wp-caption-text\">Ufficiale: Michael Cheika torna ad allenare nel Super Rugby Pacific<\/p>\n<p>Dopo 12 anni di assenza dal Super Rugby Pacific Michael Cheika torna a \u201ccasa\u201d: nel 2027 l\u2019allenatore di origine libanese sieder\u00e0 sulla panchina della franchigia che guid\u00f2 nel 2014 alla vittoria del campionato australe, i Waratahs.<\/p>\n<p>La conferma alle <a href=\"https:\/\/www.onrugby.it\/2026\/08\/17\/michael-cheika-a-un-passo-dal-ritorno-nel-super-rugby-pacific\/\" target=\"_blank\" rel=\"noopener nofollow\">indiscrezioni<\/a> dei giorni passati hanno trovato riscontro nelle parole di B-J Mather, Director of Performance della squadra di Sydney: \u201cMichael \u00e8 un leader di comprovata esperienza, con un curriculum eccezionale costruito in anni di lavoro nella creazione e preparazione di squadre per competere sui palcoscenici pi\u00f9 prestigiosi del rugby. I risultati ottenuti come allenatore parlano da soli, ma altrettanto importante \u00e8 la sua sincera passione per il nostro club e per ci\u00f2 che esso rappresenta. Crediamo che Michael sia la persona giusta per guidare il prossimo capitolo dei Waratahs e siamo lieti di dargli il bentornato a casa\u201d.<\/p>\n<p><strong>Leggi anche:<\/strong> <a href=\"https:\/\/www.onrugby.it\/2026\/08\/18\/galles-la-wru-deve-lasciare-la-urc-e-unirsi-alla-prem-rugby\/\" target=\"_blank\" rel=\"noopener nofollow\">Galles: \u201cLa WRU deve lasciare la URC e unirsi alla PREM Rugby\u201d<\/a><\/p>\n<p>Super Rugby: Michael Cheika torna ai Waratahs<\/p>\n<p>L\u2019esperienza e la carriera del 53enne allenatore ed ex giocatore di Randwick parlano da sole: Leinster, Stade Francais, Waratahs, Australia, Argentina, Green Rockets Tokatsu, Sydney Roosters (incarico attuale nella NRL) e da novembre di nuovo con i Waratahs.<\/p>\n<p>\u201cI NSW Waratahs hanno sempre occupato un posto speciale per me: \u00e8 la squadra del mio stato d\u2019origine e mi sento pronto a tornarvi come capo allenatore, in vista di un anno importante sia per il club che per il rugby australiano, nell\u2019avvicinamento alla Coppa del Mondo che si disputer\u00e0 in casa\u201d ha detto Cheika.<\/p>\n<p>Nel 2014 la franchigia del New South Wales vinse il titolo del Super Rugby Pacific (33-32) in finale con i Crusaders grazie a un calcio di punizione di Bernard Foley, mediano d\u2019apertura che torner\u00e0 a Sydney dopo un lungo girovagare: \u201cFar parte della squadra dei NSW che ha sollevato il trofeo del Super Rugby nel 2014 \u00e8 un ricordo indelebile\u00c8 un momento nuovo, diverso, e non vedo l\u2019ora di vivere nuovamente quelle stesse emozioni \u2013 e anche di pi\u00f9 \u2013 insieme ai giocatori. Vorrei davvero condividere tutte le esperienze che ho avuto la fortuna di maturare da quando sono stato qui l\u2019ultima volta e fare di questo club un luogo ideale per giocare a rugby\u201d ha concluso Michael Cheika.<\/p>\n<p>OnRugby.it \u00a9 Riproduzione riservata<\/p>\n<p>Cari Lettori,<\/p>\n<p>OnRugby, da oltre 10 anni, Vi offre gratuitamente un\u2019informazione puntuale e quotidiana sul mondo della palla ovale.<br \/>\n\t\t\t<b>Il nostro lavoro ha un costo che viene ripagato dalla pubblicit\u00e0, in particolare quella personalizzata.<\/b><\/p>\n<p>Quando Vi viene proposta l\u2019informativa sul rilascio di cookie o tecnologie simili, Vi chiediamo di sostenerci dando il Vostro consenso.<\/p>\n","protected":false},"excerpt":{"rendered":"Dopo 12 anni l&#8217;allenatore di origine libanese far\u00f2 ritorno a Sydney Ufficiale: Michael Cheika torna ad allenare nel&hellip;\n","protected":false},"author":3,"featured_media":639474,"comment_status":"","ping_status":"","sticky":false,"template":"","format":"standard","meta":{"footnotes":"","_share_on_mastodon":"0"},"categories":[1458],"tags":[1537,90,89,351763,1840,245,244,230998,353309,353310],"class_list":["post-639473","post","type-post","status-publish","format-standard","has-post-thumbnail","category-rugby","tag-it","tag-italia","tag-italy","tag-michael-cheika","tag-rugby","tag-sport","tag-sports","tag-super-rugby","tag-super-rugby-2014","tag-waratahs"],"share_on_mastodon":{"url":"https:\/\/pubeurope.com\/@it\/117121852212558727","error":""},"_links":{"self":[{"href":"https:\/\/www.europesays.com\/it\/wp-json\/wp\/v2\/posts\/639473","targetHints":{"allow":["GET"]}}],"collection":[{"href":"https:\/\/www.europesays.com\/it\/wp-json\/wp\/v2\/posts"}],"about":[{"href":"https:\/\/www.europesays.com\/it\/wp-json\/wp\/v2\/types\/post"}],"author":[{"embeddable":true,"href":"https:\/\/www.europesays.com\/it\/wp-json\/wp\/v2\/users\/3"}],"replies":[{"embeddable":true,"href":"https:\/\/www.europesays.com\/it\/wp-json\/wp\/v2\/comments?post=639473"}],"version-history":[{"count":0,"href":"https:\/\/www.europesays.com\/it\/wp-json\/wp\/v2\/posts\/639473\/revisions"}],"wp:featuredmedia":[{"embeddable":true,"href":"https:\/\/www.europesays.com\/it\/wp-json\/wp\/v2\/media\/639474"}],"wp:attachment":[{"href":"https:\/\/www.europesays.com\/it\/wp-json\/wp\/v2\/media?parent=639473"}],"wp:term":[{"taxonomy":"category","embeddable":true,"href":"https:\/\/www.europesays.com\/it\/wp-json\/wp\/v2\/categories?post=639473"},{"taxonomy":"post_tag","embeddable":true,"href":"https:\/\/www.europesays.com\/it\/wp-json\/wp\/v2\/tags?post=639473"}],"curies":[{"name":"wp","href":"https:\/\/api.w.org\/{rel}","templated":true}]}}