{"id":639485,"date":"2026-08-19T11:13:20","date_gmt":"2026-08-19T11:13:20","guid":{"rendered":"https:\/\/www.europesays.com\/it\/639485\/"},"modified":"2026-08-19T11:13:20","modified_gmt":"2026-08-19T11:13:20","slug":"mostra-di-da-pozzo-sul-carcere-femminile-di-udine-a-ravascletto","status":"publish","type":"post","link":"https:\/\/www.europesays.com\/it\/639485\/","title":{"rendered":"Mostra di Da Pozzo sul carcere femminile di Udine a Ravascletto"},"content":{"rendered":"<p>&#13;<br \/>\n      &#13;<br \/>\n&#13;<br \/>\n     &#13;<br \/>\n        &#13;<\/p>\n<p>A Cjasa da Duga, a Sal\u00e2rs di Ravascletto, gioved\u00ec 20 agosto alle 17.30 viene inaugurata la mostra fotografica di Ulderica Da Pozzo &#8220;I giorni strappati. Il tempo vuoto del carcere. Immagini dell&#8217;ex femminile di via Spalato&#8221;. L&#8217;evento si inserisce nel ciclo &#8220;In corda doppia&#8221;, organizzato nell&#8217;ambito di Vicino\/lontano mont in collaborazione con Leggimontagna, partner privilegiato della sesta edizione della rassegna.<\/p>\n<p>Un progetto nato nel 2021<\/p>\n<p>Il progetto fotografico, avviato nel 2021 su proposta del garante delle persone private della libert\u00e0 del comune di Udine, documenta la trasformazione del carcere femminile della citt\u00e0. I primi scatti hanno immortalato le tracce e la memoria abbandonata nelle stanze vuote; le immagini pi\u00f9 recenti documentano invece gli spazi riqualificati con l&#8217;intento di consentire e facilitare il percorso di reinserimento sociale.<\/p>\n<p><img decoding=\"async\" src=\"https:\/\/www.europesays.com\/it\/wp-content\/uploads\/2026\/08\/foto-di-ulderica-da-pozzo-2.jpg\" alt=\"foto di Ulderica Da Pozzo-2\" title=\"foto di Ulderica Da Pozzo-2\"\/><\/p>\n<p>La mostra era gi\u00e0 stata esposta questa primavera nelle sale del Museo friulano della fotografia in Castello di Udine. \u00c8 prodotta dal garante dei diritti delle persone private della libert\u00e0 personale e dal comune di Udine-Civici Musei, in collaborazione con la Societ\u00e0 della Ragione e l&#8217;Associazione Icaro Volontariato Giustizia.<\/p>\n<p>La presentazione e gli ospiti<\/p>\n<p>All&#8217;inaugurazione interverranno Silvia Bianco, conservatrice del Museo friulano della fotografia di Udine, Franco Corleone, gi\u00e0 garante dei diritti delle persone private della libert\u00e0 personale del comune di Udine, Andrea Sandra, attuale garante dei diritti delle persone private della libert\u00e0, la giornalista Anna Piuzzi e la fotografa Ulderica Da Pozzo.<\/p>\n<p>Cjasa da Duga \u00e8 il luogo che Da Pozzo ha voluto dedicare alla fotografia, con l&#8217;intento di farne un punto d&#8217;incontro, confronto e condivisione di immagini e pensieri del presente e del passato. In caso di maltempo, l&#8217;appuntamento si sposta nella vicina chiesa di San Giovanni Battista.<\/p>\n<p>Ingresso libero e prossimi appuntamenti<\/p>\n<p>La mostra sar\u00e0 visitabile gratuitamente fino al 13 settembre, sabato e domenica dalle 16.00 alle 19.00.<\/p>\n<p>A Cjasa da Duga sono in programma altri due appuntamenti nell&#8217;ambito di &#8220;In corda doppia&#8221;: domenica 6 settembre, alle 17.30, l&#8217;incontro &#8220;Di chi sono le montagne?&#8221; e gioved\u00ec 10 settembre, alle 20.30, la proiezione del film &#8220;F\u00e8mene&#8221;.<\/p>\n<p> &#13;<br \/>\n       &#13;<br \/>\n&#13;<br \/>\n&#13;<br \/>\n  &#13;<br \/>\n  &#13;<br \/>\n&#13;<br \/>\n&#13;<br \/>\n  &#13;<br \/>\n&#13;<br \/>\n        &#13;<br \/>\n        &#13;<br \/>\n               &#13;<br \/>\n      &#13;<br \/>\n      &#13;<br \/>\n                  &#13;<br \/>\n   &#13;<br \/>\n&#13;<br \/>\n &#13;<br \/>\n      &#13;<br \/>\n&#13;<br \/>\n      &#13;<\/p>\n","protected":false},"excerpt":{"rendered":"&#13; &#13; &#13; &#13; &#13; A Cjasa da Duga, a Sal\u00e2rs di Ravascletto, gioved\u00ec 20 agosto alle 17.30&hellip;\n","protected":false},"author":3,"featured_media":639486,"comment_status":"","ping_status":"","sticky":false,"template":"","format":"standard","meta":{"footnotes":"","_share_on_mastodon":"0"},"categories":[1446],"tags":[1615,1613,1614,1611,1610,874,1612,203,626,204,1537,90,89,632],"class_list":["post-639485","post","type-post","status-publish","format-standard","has-post-thumbnail","category-arte-e-design","tag-arte","tag-arte-e-design","tag-arteedesign","tag-arts","tag-arts-and-design","tag-carcere","tag-design","tag-entertainment","tag-eventi","tag-intrattenimento","tag-it","tag-italia","tag-italy","tag-mostra"],"share_on_mastodon":{"url":"https:\/\/pubeurope.com\/@it\/117121882797420697","error":""},"_links":{"self":[{"href":"https:\/\/www.europesays.com\/it\/wp-json\/wp\/v2\/posts\/639485","targetHints":{"allow":["GET"]}}],"collection":[{"href":"https:\/\/www.europesays.com\/it\/wp-json\/wp\/v2\/posts"}],"about":[{"href":"https:\/\/www.europesays.com\/it\/wp-json\/wp\/v2\/types\/post"}],"author":[{"embeddable":true,"href":"https:\/\/www.europesays.com\/it\/wp-json\/wp\/v2\/users\/3"}],"replies":[{"embeddable":true,"href":"https:\/\/www.europesays.com\/it\/wp-json\/wp\/v2\/comments?post=639485"}],"version-history":[{"count":0,"href":"https:\/\/www.europesays.com\/it\/wp-json\/wp\/v2\/posts\/639485\/revisions"}],"wp:featuredmedia":[{"embeddable":true,"href":"https:\/\/www.europesays.com\/it\/wp-json\/wp\/v2\/media\/639486"}],"wp:attachment":[{"href":"https:\/\/www.europesays.com\/it\/wp-json\/wp\/v2\/media?parent=639485"}],"wp:term":[{"taxonomy":"category","embeddable":true,"href":"https:\/\/www.europesays.com\/it\/wp-json\/wp\/v2\/categories?post=639485"},{"taxonomy":"post_tag","embeddable":true,"href":"https:\/\/www.europesays.com\/it\/wp-json\/wp\/v2\/tags?post=639485"}],"curies":[{"name":"wp","href":"https:\/\/api.w.org\/{rel}","templated":true}]}}