{"id":639499,"date":"2026-08-19T11:21:20","date_gmt":"2026-08-19T11:21:20","guid":{"rendered":"https:\/\/www.europesays.com\/it\/639499\/"},"modified":"2026-08-19T11:21:20","modified_gmt":"2026-08-19T11:21:20","slug":"osso-mastrosso-e-carcagnosso-la-leggenda-sulla-ndrangheta-che-va-virale-su-tiktok","status":"publish","type":"post","link":"https:\/\/www.europesays.com\/it\/639499\/","title":{"rendered":"Osso, Mastrosso e Carcagnosso\u2026.la leggenda sulla \u2018ndrangheta che va virale su TikTok"},"content":{"rendered":"<p>C\u2019erano una volta <strong>Osso, Mastrosso e Carcacagnosso.<\/strong> Quello che sembra l\u2019incipit di un\u2019innocente favola per bambini, \u00e8 invece una delle leggende che ruota attorno alla criminalit\u00e0 organizzata italiana. Una formula che richiama i <strong>riti arcaici e la simbologia tipica della \u2018ndrangheta<\/strong>, su cui le Procure antimafia hanno versato fiumi d\u2019inchiostro nelle inchieste, sottolineandone il valore identitario all\u2019interno delle cosche calabresi. Un racconto mitico che adesso trova spazio anche su <strong>TikTok<\/strong>, la piattaforma oggi pi\u00f9 utilizzata da giovani e adulti e gi\u00e0 in passato al centro di polemiche per il richiamo a simboli e messaggi della criminalit\u00e0 organizzata.<\/p>\n<p>Migliaia di visualizzazioni per la leggenda sulle tre mafie<\/p>\n<p>Sono <strong>decine di migliaia le visualizzazioni <\/strong>nei video dedicati ai tre cavalieri spagnoli che, secondo il mito, sarebbero sbarcati nel 1412 sull\u2019<strong>isola siciliana di Favignana<\/strong>, dopo essere fuggiti dalla Penisola iberica per aver ucciso, come vendetta, colui che violent\u00f2 sorella. Dall\u2019isola si sarebbero poi divisi: Osso sarebbe rimasto in Sicilia, fondando Cosa Nostra, mentre Mastrosso e Carcagnosso sarebbero andato fuori regione. Il primo in Calabria per fondare la \u2018<strong>ndrangheta<\/strong>, il secondo in Campania dando origine alla <strong>Camorra<\/strong>. Un racconto mitico, privo di riscontri reali, ma ripreso spesso anche nei riti della \u2018ndrangheta, tra cui \u201cu battizzu\u201d che formalizza l\u2019affiliazione di un nuovo membro del clan.<\/p>\n<p>La musica popolare sulla \u2018ndrangheta<\/p>\n<p>Nei post su TikTok, viene spesso pubblicato il ritratto dei tre cavalieri <a href=\"https:\/\/www.corrieredellacalabria.it\/2025\/05\/05\/musica-e-ndrangheta-i-concerti-annullati-e-il-mito-dellonorata-societa-su-tiktok\/\" rel=\"nofollow noopener\" target=\"_blank\">accompagnato dalla canzone popolare \u201c\u2019<strong>Ndrangheta, camorra e mafia<\/strong>\u201d<\/a>.\u00a0 Nei commenti \u201c<strong>onore e rispetto<\/strong>\u201d sono le parole pi\u00f9 frequenti, qualcuno chiede se si \u00e8 \u201c<strong>conformi<\/strong>\u201d (un altro richiamo al lessico \u2018ndranghetista), qualcun altro fa riferimento all\u2019onorata societ\u00e0 e alle nuove generazioni con cui sono iniziati i \u00abtradimenti e i tantissimi pentiti\u00bb. Nulla di illegale e nell\u2019analisi tocca distinguere i filmati puramente informativi da quelli al limite dell\u2019apologia mafiosa, ma l\u2019ennesimo esempio di come la cultura \u2018ndranghetista abbia trovato su TikTok <a href=\"https:\/\/www.corrieredellacalabria.it\/2025\/10\/14\/ndrangheta-e-tiktok-quando-i-social-diventano-vetrine-delle-mafie\/\" rel=\"nofollow noopener\" target=\"_blank\">una vetrina adatta alla diffusione di valori, simboli e riti che richiamano la storia della criminalit\u00e0 organizzata.<\/a><\/p>\n<p>Il ritorno di simboli e parole \u201carcaiche\u201d<\/p>\n<p>Un fenomeno che sembrava ormai \u00abridimensionato\u00bb rispetto al passato, come aveva affermato il procuratore aggiunto di Reggio Calabria <strong>Walter Ignazitto<\/strong> nell\u2019ambito della conferenza stampa post operazione Epicentro 2. \u00c8 stata infatti la maxinchiesta contro le cosche reggine che ha portato alla misura cautelare per 79 persone a riaccendere il tema della simbologia \u2018ndranghetista, non soltanto come semplice strumento identitario, ma anche operativo<a href=\"https:\/\/www.corrieredellacalabria.it\/2026\/07\/25\/ndrangheta-epicentro-2-dda-reggio-calabria-ordinanza-intercettazioni-doti-riti-ignazzitto\/\" rel=\"nofollow noopener\" target=\"_blank\">. Cos\u00ec nelle pagine dell\u2019inchiesta tornano espressioni come \u201cvangelo\u201d, \u201csanta\u201d, \u201cbattezzo\u201d, \u201cmastro di giornata\u201d<\/a>, che, a detta degli inquirenti, garantiscono compattezza e disciplina interna al gruppo. Ma, soprattutto, garantiscono un\u2019identit\u00e0 e una (finta) storia alla \u2018ndrangheta: un modo anche per attirare la curiosit\u00e0 dei pi\u00f9 giovani. (m.russo@corrierecal.it)<\/p>\n<p><strong>Il Corriere della Calabria \u00e8 anche su WhatsApp. Basta\u00a0<\/strong><a href=\"https:\/\/whatsapp.com\/channel\/0029Va8fM6g5a24CQcoq2O3j\" target=\"_blank\" rel=\"noreferrer noopener nofollow\"><strong>cliccare qui\u00a0<\/strong><\/a><strong>per iscriverti al canale ed essere sempre\u00a0aggiornato<\/strong><\/p>\n","protected":false},"excerpt":{"rendered":"C\u2019erano una volta Osso, Mastrosso e Carcacagnosso. Quello che sembra l\u2019incipit di un\u2019innocente favola per bambini, \u00e8 invece&hellip;\n","protected":false},"author":3,"featured_media":639500,"comment_status":"","ping_status":"","sticky":false,"template":"","format":"standard","meta":{"footnotes":"","_share_on_mastodon":"0"},"categories":[173],"tags":[353319,1537,90,89,353320,353321,19307,353322,195,198,199,197,200,201,194,196,3161],"class_list":["post-639499","post","type-post","status-publish","format-standard","has-post-thumbnail","category-scienza-e-tecnologia","tag-ndrangheta-tiktok","tag-it","tag-italia","tag-italy","tag-mafia-sui-social","tag-osso-mastrosso-e-carcagnosso","tag-rilevanti","tag-riti-della-ndrangheta","tag-science","tag-science-and-technology","tag-scienceandtechnology","tag-scienza","tag-scienza-e-tecnologia","tag-scienzaetecnologia","tag-technology","tag-tecnologia","tag-tiktok"],"share_on_mastodon":{"url":"https:\/\/pubeurope.com\/@it\/117121914353180091","error":""},"_links":{"self":[{"href":"https:\/\/www.europesays.com\/it\/wp-json\/wp\/v2\/posts\/639499","targetHints":{"allow":["GET"]}}],"collection":[{"href":"https:\/\/www.europesays.com\/it\/wp-json\/wp\/v2\/posts"}],"about":[{"href":"https:\/\/www.europesays.com\/it\/wp-json\/wp\/v2\/types\/post"}],"author":[{"embeddable":true,"href":"https:\/\/www.europesays.com\/it\/wp-json\/wp\/v2\/users\/3"}],"replies":[{"embeddable":true,"href":"https:\/\/www.europesays.com\/it\/wp-json\/wp\/v2\/comments?post=639499"}],"version-history":[{"count":0,"href":"https:\/\/www.europesays.com\/it\/wp-json\/wp\/v2\/posts\/639499\/revisions"}],"wp:featuredmedia":[{"embeddable":true,"href":"https:\/\/www.europesays.com\/it\/wp-json\/wp\/v2\/media\/639500"}],"wp:attachment":[{"href":"https:\/\/www.europesays.com\/it\/wp-json\/wp\/v2\/media?parent=639499"}],"wp:term":[{"taxonomy":"category","embeddable":true,"href":"https:\/\/www.europesays.com\/it\/wp-json\/wp\/v2\/categories?post=639499"},{"taxonomy":"post_tag","embeddable":true,"href":"https:\/\/www.europesays.com\/it\/wp-json\/wp\/v2\/tags?post=639499"}],"curies":[{"name":"wp","href":"https:\/\/api.w.org\/{rel}","templated":true}]}}