{"id":63967,"date":"2025-08-23T09:11:12","date_gmt":"2025-08-23T09:11:12","guid":{"rendered":"https:\/\/www.europesays.com\/it\/63967\/"},"modified":"2025-08-23T09:11:12","modified_gmt":"2025-08-23T09:11:12","slug":"la-madre-le-aggredisce-con-una-catena","status":"publish","type":"post","link":"https:\/\/www.europesays.com\/it\/63967\/","title":{"rendered":"la madre le aggredisce con una catena"},"content":{"rendered":"<p>A Torre del Greco (Napoli) una ragazzina di 12 anni \u00e8 stata salvata dalla situazione di estremo degrado in cui la madre, di origine ucraina, la teneva costretta: malnutrita, viveva in condizioni igienico-sanitarie precarie, senza possibilit\u00e0 di contatti con l&#8217;esterno.<\/p>\n<p>A far scattare le operazioni dei servizi sociali \u00e8 stata una segnalazione di alcuni vicini di casa. Ad intervenire sono state le operatrici Maddalena Lafronza e Anita Di Donna, che si sono occupate dei controlli in una strada periferica della citt\u00e0, verso il confine con Torre Annunziata. La madre della 12enne si \u00e8 per\u00f2 mostrata tutt&#8217;altro che collaborativa e ha aggredito le due operatrici con una grossa catena, rendendo necessario l&#8217;intervento della polizia.\u00a0<\/p>\n<p>Le parole del sindaco<\/p>\n<p>A dare notizia dell&#8217;accaduto \u00e8 stato il sindaco di Torre del Greco, Luigi Mennella. &#8220;Se oggi una ragazzina di appena 12 anni \u00e8 stata tirata fuori dallo stato di profondo degrado nel quale era costretta a vivere ed \u00e8 stata messa sotto protezione in attesa delle verifiche del caso, lo si deve alla prontezza di azione del personale del nostro settore politiche sociali, che \u00e8 stato in grado di mettere in moto la macchina degli interventi partendo dalla segnalazione&#8221;.\u00a0<\/p>\n<p>Il primo cittadino ha voluto incontrare personalmente le due assistenti sociali protagoniste dell&#8217;intervento. &#8220;Ringraziamenti che vanno estesi agli agenti di polizia municipale e del commissariato di polizia intervenuti per supportare le nostre professioniste aggredite dalla donna prima di essere portata via&#8221;, ha scritto Mennella su Facebook. &#8220;Un lavoro sinergico che ha permesso di mettere fine a una situazione decisamente molto delicata&#8221;.<\/p>\n<p>\u00a0<\/p>\n<p><img decoding=\"async\" src=\"https:\/\/www.europesays.com\/it\/wp-content\/uploads\/2025\/08\/il-post-del-sindaco-su-fb.jpg\" alt=\"Il post del sindaco su fb\" title=\"Il sindaci Luigi Mennella su Facebook\"\/><\/p>\n<p>\u00a0<\/p>\n","protected":false},"excerpt":{"rendered":"A Torre del Greco (Napoli) una ragazzina di 12 anni \u00e8 stata salvata dalla situazione di estremo degrado&hellip;\n","protected":false},"author":3,"featured_media":63968,"comment_status":"","ping_status":"","sticky":false,"template":"","format":"standard","meta":{"footnotes":""},"categories":[6],"tags":[14,8,1537,90,89,13750,7,15,82,9,83,10,13,11,80,84,12,81,85],"class_list":{"0":"post-63967","1":"post","2":"type-post","3":"status-publish","4":"format-standard","5":"has-post-thumbnail","7":"category-ultime-notizie","8":"tag-cronaca","9":"tag-headlines","10":"tag-it","11":"tag-italia","12":"tag-italy","13":"tag-minori","14":"tag-news","15":"tag-notizie","16":"tag-notizie-di-cronaca","17":"tag-notizie-principali","18":"tag-notiziedicronaca","19":"tag-notizieprincipali","20":"tag-titoli","21":"tag-ultime-notizie","22":"tag-ultime-notizie-di-cronaca","23":"tag-ultime-notizie-e-news-di-oggi","24":"tag-ultimenotizie","25":"tag-ultimenotiziedicronaca","26":"tag-ultimenotizieenewsdioggi"},"share_on_mastodon":{"url":"","error":""},"_links":{"self":[{"href":"https:\/\/www.europesays.com\/it\/wp-json\/wp\/v2\/posts\/63967","targetHints":{"allow":["GET"]}}],"collection":[{"href":"https:\/\/www.europesays.com\/it\/wp-json\/wp\/v2\/posts"}],"about":[{"href":"https:\/\/www.europesays.com\/it\/wp-json\/wp\/v2\/types\/post"}],"author":[{"embeddable":true,"href":"https:\/\/www.europesays.com\/it\/wp-json\/wp\/v2\/users\/3"}],"replies":[{"embeddable":true,"href":"https:\/\/www.europesays.com\/it\/wp-json\/wp\/v2\/comments?post=63967"}],"version-history":[{"count":0,"href":"https:\/\/www.europesays.com\/it\/wp-json\/wp\/v2\/posts\/63967\/revisions"}],"wp:featuredmedia":[{"embeddable":true,"href":"https:\/\/www.europesays.com\/it\/wp-json\/wp\/v2\/media\/63968"}],"wp:attachment":[{"href":"https:\/\/www.europesays.com\/it\/wp-json\/wp\/v2\/media?parent=63967"}],"wp:term":[{"taxonomy":"category","embeddable":true,"href":"https:\/\/www.europesays.com\/it\/wp-json\/wp\/v2\/categories?post=63967"},{"taxonomy":"post_tag","embeddable":true,"href":"https:\/\/www.europesays.com\/it\/wp-json\/wp\/v2\/tags?post=63967"}],"curies":[{"name":"wp","href":"https:\/\/api.w.org\/{rel}","templated":true}]}}