{"id":639714,"date":"2026-08-19T14:28:18","date_gmt":"2026-08-19T14:28:18","guid":{"rendered":"https:\/\/www.europesays.com\/it\/639714\/"},"modified":"2026-08-19T14:28:18","modified_gmt":"2026-08-19T14:28:18","slug":"cirrosi-anche-senza-alcol-il-fegato-grasso-metabolico-cresce-in-italia-riguarda-oltre-1-adulto-su-4","status":"publish","type":"post","link":"https:\/\/www.europesays.com\/it\/639714\/","title":{"rendered":"Cirrosi anche senza alcol: il fegato grasso metabolico cresce, in Italia riguarda oltre 1 adulto su 4"},"content":{"rendered":"<p><strong>\u00abVedo sempre pi\u00f9 pazienti che non consumano alcol e presentano cirrosi metaboliche\u00bb<\/strong>. A richiamare l\u2019attenzione sul fenomeno \u00e8 <strong>Jean-Fran\u00e7ois Gautier<\/strong>, professore di diabetologia e malattie metaboliche all\u2019ospedale Lariboisi\u00e8re di Parigi, intervistato da <strong>Le Figaro Sant\u00e9<\/strong>.<\/p>\n<p>Dietro molti di questi casi c\u2019\u00e8 la <strong>MASLD<\/strong>, la <strong>malattia epatica steatosica associata a disfunzione metabolica<\/strong>, quella che un tempo veniva definita soprattutto come <strong>\u201cfegato grasso non alcolico\u201d<\/strong>.<\/p>\n<p><strong>Il rischio non riguarda solo chi beve<\/strong><br \/>La <strong>MASLD<\/strong> \u00e8 legata soprattutto a <strong>sovrappeso e obesit\u00e0, diabete di tipo 2, insulino-resistenza, ipertensione e alterazioni dei lipidi<\/strong>.<br \/>Il grasso si accumula nel fegato e, in una parte dei pazienti, la malattia pu\u00f2 progredire verso una forma infiammatoria, la <strong>MASH<\/strong>, quindi verso <strong>fibrosi, cirrosi e carcinoma epatocellulare<\/strong>.<br \/>Le linee guida europee <strong>EASL-EASD-EASO<\/strong> confermano che le persone con <strong>diabete di tipo 2 e obesit\u00e0<\/strong> sono tra quelle nelle quali \u00e8 particolarmente importante individuare precocemente una possibile <strong>fibrosi avanzata<\/strong>.<\/p>\n<p><strong>In Italia oltre un adulto su quattro<\/strong><br \/>Il problema riguarda direttamente anche il nostro Paese.<br \/>Secondo l\u2019<strong>Istituto Superiore di Sanit\u00e0<\/strong>, la <strong>MASLD interessa oltre il 25% della popolazione adulta italiana<\/strong>, con percentuali ancora pi\u00f9 elevate nelle persone con obesit\u00e0 o diabete di tipo 2.<br \/>E c\u2019\u00e8 un dato ancora pi\u00f9 significativo: documenti ISS riportano che <strong>circa il 2% della popolazione generale e il 10% dei pazienti con diabete tipo 2 presentano una MASLD associata a fibrosi epatica severa<\/strong>, la condizione che espone maggiormente alle complicanze.<br \/>Non si tratta quindi solo di \u201cavere il fegato grasso\u201d. L\u2019ISS definisce la MASLD una <strong>minaccia di sanit\u00e0 pubblica in rapida crescita<\/strong>, tanto da avere avviato <strong>ITA-MASLD<\/strong>, il primo grande studio osservazionale multicentrico nazionale, con una rete di <strong>oltre 100 centri clinici<\/strong>.<\/p>\n<p><strong>Il problema \u00e8 che spesso non d\u00e0 sintomi<\/strong><br \/>Uno degli aspetti pi\u00f9 insidiosi \u00e8 che la malattia pu\u00f2 rimanere silenziosa per anni. Quando compaiono i segni della cirrosi, il danno pu\u00f2 essere gi\u00e0 avanzato.<br \/>Per questo l\u2019attenzione si concentra soprattutto sulle persone con <strong>diabete, obesit\u00e0 addominale o pi\u00f9 fattori di rischio metabolico<\/strong>, nelle quali la valutazione della <strong>fibrosi<\/strong> pu\u00f2 consentire di intercettare prima i pazienti a maggiore rischio.<\/p>\n<p><strong>La prevenzione resta centrale<\/strong>: <strong>perdita di peso quando necessaria, attivit\u00e0 fisica, alimentazione equilibrata<\/strong> e <strong>buon controllo di glicemia, pressione e lipidi<\/strong> possono incidere sull\u2019evoluzione della malattia.<\/p>\n<p><strong>Il messaggio che emerge \u00e8 chiaro:<\/strong> quando si parla di <strong>cirrosi<\/strong> non bisogna pensare soltanto all\u2019<strong>alcol<\/strong>. La <strong>salute metabolica<\/strong> \u00e8 diventata anche una questione di salute del fegato.<\/p>\n<p><img loading=\"lazy\" decoding=\"async\" src=\"https:\/\/www.europesays.com\/it\/wp-content\/uploads\/2026\/08\/ChatGPT_Image_18_ago_2026,_18_12_27-1787069565627.webp\" alt=\"\" width=\"1024\" height=\"1536\" caption=\"false\"\/><\/p>\n<p><strong>Fonti<\/strong><\/p>\n<ul>&#13;<\/p>\n<li><strong>Le Figaro Sant\u00e9<\/strong>, intervista a Jean-Fran\u00e7ois Gautier, 17 agosto 2026.<\/li>\n<p>&#13;<\/p>\n<li><strong>Istituto Superiore di Sanit\u00e0<\/strong>, Rapporti ISTISAN 25\/28 \u2013 <strong>ITA-MASLD<\/strong>, 2025, pubblicato online nel febbraio 2026.<\/li>\n<p>&#13;<\/p>\n<li><strong>Istituto Superiore di Sanit\u00e0 \u2013 EpiCentro<\/strong>, <strong>ITA-MASLD: il primo studio nazionale multicentrico<\/strong>.<\/li>\n<p>&#13;<\/p>\n<li><strong>ISS\/SNLG \u2013 AISF, SID, SIO<\/strong>, linee guida sulla steatosi epatica\/<strong>MASLD<\/strong>.<\/li>\n<p>&#13;<\/p>\n<li><strong>EASL-EASD-EASO<\/strong>, <strong>Clinical Practice Guidelines on the management of MASLD, 2024<\/strong>.<\/li>\n<p>&#13;\n<\/ul>\n","protected":false},"excerpt":{"rendered":"\u00abVedo sempre pi\u00f9 pazienti che non consumano alcol e presentano cirrosi metaboliche\u00bb. A richiamare l\u2019attenzione sul fenomeno \u00e8&hellip;\n","protected":false},"author":3,"featured_media":639715,"comment_status":"","ping_status":"","sticky":false,"template":"","format":"standard","meta":{"footnotes":"","_share_on_mastodon":"0"},"categories":[175],"tags":[353441,353446,353442,239,10238,1537,353445,90,89,353440,353444,33561,201059,353443,240],"class_list":["post-639714","post","type-post","status-publish","format-standard","has-post-thumbnail","category-salute","tag-cirrosi-epatica","tag-easl-easd-easo","tag-fegato-grasso-non-alcolico","tag-health","tag-istituto-superiore-di-sanita","tag-it","tag-ita-masld","tag-italia","tag-italy","tag-jean-francois-gautier","tag-le-figaro-sante","tag-mash","tag-masld","tag-ospedale-lariboisiere-parigi","tag-salute"],"share_on_mastodon":{"url":"https:\/\/pubeurope.com\/@it\/117122651041806299","error":""},"_links":{"self":[{"href":"https:\/\/www.europesays.com\/it\/wp-json\/wp\/v2\/posts\/639714","targetHints":{"allow":["GET"]}}],"collection":[{"href":"https:\/\/www.europesays.com\/it\/wp-json\/wp\/v2\/posts"}],"about":[{"href":"https:\/\/www.europesays.com\/it\/wp-json\/wp\/v2\/types\/post"}],"author":[{"embeddable":true,"href":"https:\/\/www.europesays.com\/it\/wp-json\/wp\/v2\/users\/3"}],"replies":[{"embeddable":true,"href":"https:\/\/www.europesays.com\/it\/wp-json\/wp\/v2\/comments?post=639714"}],"version-history":[{"count":0,"href":"https:\/\/www.europesays.com\/it\/wp-json\/wp\/v2\/posts\/639714\/revisions"}],"wp:featuredmedia":[{"embeddable":true,"href":"https:\/\/www.europesays.com\/it\/wp-json\/wp\/v2\/media\/639715"}],"wp:attachment":[{"href":"https:\/\/www.europesays.com\/it\/wp-json\/wp\/v2\/media?parent=639714"}],"wp:term":[{"taxonomy":"category","embeddable":true,"href":"https:\/\/www.europesays.com\/it\/wp-json\/wp\/v2\/categories?post=639714"},{"taxonomy":"post_tag","embeddable":true,"href":"https:\/\/www.europesays.com\/it\/wp-json\/wp\/v2\/tags?post=639714"}],"curies":[{"name":"wp","href":"https:\/\/api.w.org\/{rel}","templated":true}]}}