{"id":63979,"date":"2025-08-23T09:20:10","date_gmt":"2025-08-23T09:20:10","guid":{"rendered":"https:\/\/www.europesays.com\/it\/63979\/"},"modified":"2025-08-23T09:20:10","modified_gmt":"2025-08-23T09:20:10","slug":"vf-group-bardiani-csf-faizane-filippo-turconi-in-azzurro-allavenir","status":"publish","type":"post","link":"https:\/\/www.europesays.com\/it\/63979\/","title":{"rendered":"VF GROUP BARDIANI CSF FAIZANE&#8217;. FILIPPO TURCONI IN AZZURRO ALL&#8217;AVENIR"},"content":{"rendered":"<p>            <a class=\"category\" href=\"https:\/\/www.tuttobiciweb.it\/articles\/category\/PROFESSIONISTI\" itemprop=\"about\" rel=\"nofollow noopener\" target=\"_blank\">PROFESSIONISTI<\/a> | 23\/08\/2025 | 08:18<\/p>\n<p data-olk-copy-source=\"MessageBody\">Il<strong> Tour de l\u2019Avenir<\/strong>, considerato il \u201cpiccolo Tour de France\u201d per i giovani talenti del ciclismo, in programma dal 23 al 29 agosto, vedr\u00e0 al via anche <strong>Filippo Turconi,<\/strong> protagonista di una stagione in cui ha dimostrato una crescita importante. Gi\u00e0 vincitore di due corse di prestigio nella categoria Under23, il corridore della <strong>VF Group Bardiani-CSF Faizan\u00e8<\/strong> \u00e8 stato convocato dal ct Marino Amadori e vestir\u00e0 la maglia della Nazionale italiana.\n            <\/p>\n<p data-olk-copy-source=\"MessageBody\">\u00abVado al Tour de l&#8217;Avenir con l\u2019obiettivo di vincere una tappa \u2013 spiega Turconi \u2013 poi giorno per giorno valuteremo anche la classifica generale, che sulla carta si decider\u00e0 nelle ultime due frazioni\u00bb.\n            <\/p>\n<p>A sottolineare il valore del giovane talento \u00e8 Mirko Rossato, direttore sportivo della formazione Under23 della VF Group Bardiani-CSF Faizan\u00e8: \u00abTurconi, nella stagione in corso, \u00e8 cresciuto tantissimo. Ha gi\u00e0 conquistato due importanti vittorie per gli Under23, e vederlo in nazionale \u00e8 sempre motivo di orgoglio per la squadra. Il suo obiettivo al Tour de l\u2019Avenir resta vincere una tappa, anche se nelle ultime due frazioni potr\u00e0 provare a giocarsi qualcosa per la classifica generale, se le gambe e la squadra lo consentiranno\u00bb.<\/p>\n<p>Copyright &amp;copy TBW<\/p>\n","protected":false},"excerpt":{"rendered":"PROFESSIONISTI | 23\/08\/2025 | 08:18 Il Tour de l\u2019Avenir, considerato il \u201cpiccolo Tour de France\u201d per i giovani&hellip;\n","protected":false},"author":3,"featured_media":63980,"comment_status":"","ping_status":"","sticky":false,"template":"","format":"standard","meta":{"footnotes":""},"categories":[1456],"tags":[1824,1825,43623,1537,90,89,245,244,34420,7587],"class_list":{"0":"post-63979","1":"post","2":"type-post","3":"status-publish","4":"format-standard","5":"has-post-thumbnail","7":"category-ciclismo","8":"tag-ciclismo","9":"tag-cycling","10":"tag-filippo-turconi","11":"tag-it","12":"tag-italia","13":"tag-italy","14":"tag-sport","15":"tag-sports","16":"tag-tour-de-lavenir","17":"tag-under23"},"share_on_mastodon":{"url":"","error":""},"_links":{"self":[{"href":"https:\/\/www.europesays.com\/it\/wp-json\/wp\/v2\/posts\/63979","targetHints":{"allow":["GET"]}}],"collection":[{"href":"https:\/\/www.europesays.com\/it\/wp-json\/wp\/v2\/posts"}],"about":[{"href":"https:\/\/www.europesays.com\/it\/wp-json\/wp\/v2\/types\/post"}],"author":[{"embeddable":true,"href":"https:\/\/www.europesays.com\/it\/wp-json\/wp\/v2\/users\/3"}],"replies":[{"embeddable":true,"href":"https:\/\/www.europesays.com\/it\/wp-json\/wp\/v2\/comments?post=63979"}],"version-history":[{"count":0,"href":"https:\/\/www.europesays.com\/it\/wp-json\/wp\/v2\/posts\/63979\/revisions"}],"wp:featuredmedia":[{"embeddable":true,"href":"https:\/\/www.europesays.com\/it\/wp-json\/wp\/v2\/media\/63980"}],"wp:attachment":[{"href":"https:\/\/www.europesays.com\/it\/wp-json\/wp\/v2\/media?parent=63979"}],"wp:term":[{"taxonomy":"category","embeddable":true,"href":"https:\/\/www.europesays.com\/it\/wp-json\/wp\/v2\/categories?post=63979"},{"taxonomy":"post_tag","embeddable":true,"href":"https:\/\/www.europesays.com\/it\/wp-json\/wp\/v2\/tags?post=63979"}],"curies":[{"name":"wp","href":"https:\/\/api.w.org\/{rel}","templated":true}]}}