{"id":63987,"date":"2025-08-23T09:24:11","date_gmt":"2025-08-23T09:24:11","guid":{"rendered":"https:\/\/www.europesays.com\/it\/63987\/"},"modified":"2025-08-23T09:24:11","modified_gmt":"2025-08-23T09:24:11","slug":"corsera-inter-chivu-lacquisto-piu-atteso-ce-margine-per-un-colpo","status":"publish","type":"post","link":"https:\/\/www.europesays.com\/it\/63987\/","title":{"rendered":"CorSera &#8211; Inter, Chivu &#8216;l&#8217;acquisto&#8217; pi\u00f9 atteso. C&#8217;\u00e8 margine per un colpo&#8230;"},"content":{"rendered":"<p>I nerazzurri aprono una nuova fase, affidandosi a quello che il Corriere della Sera indica come l&#8217;acquisto pi\u00f9 importante, ovvero Chivu<\/p>\n<p>Replicare quanto fatto negli ultimi tre anni non sar\u00e0 semplice. <strong>L\u2019Inter<\/strong> ha raccolto uno scudetto e due finali di Champions League, traguardi che hanno fissato l\u2019asticella molto in alto. Ora, per\u00f2, i nerazzurri aprono una nuova fase, affidandosi al volto pi\u00f9 atteso secondo il <strong>Corriere della Sera<\/strong>, quello di Cristian <strong>Chivu<\/strong>.<\/p>\n<p>&#8220;Ma davvero l\u2019Inter stava meglio quando stava peggio e poteva spendere sul mercato solo quello che guadagnava dalle vendite? Difficile sostenerlo, visti i tanti prospetti acquistati e considerato che c\u2019\u00e8 ancora margine per un colpo estivo. I nerazzurri ripartono da un tecnico che ha 13 panchine in A e 4 al Mondiale per club, ma una militanza interista lunga e variegata. Cristian Chivu \u00e8 l\u2019acquisto pi\u00f9 atteso, almeno per ora, e il fatto di aver gi\u00e0 debuttato a giugno negli Usa per lui \u00e8 un vantaggio. La sua squadra \u00e8 stata l\u2019ultima a radunarsi, sar\u00e0 l\u2019ultima a scendere in campo alla prima giornata nella sfida pi\u00f9 insidiosa (col Torino a San Siro) e \u2014 con i ritmi tenuti negli ultimi 50 giorni di trattative \u2014 potrebbe anche essere l\u2019ultima a completarsi&#8221;.<\/p>\n<p>&#8220;Se per Lookman \u00e8 davvero tutto finito (mai dire mai), in attacco l\u2019Inter sembra comunque migliore di pochi mesi fa, quando ha perso lo scudetto di un punto ed \u00e8 arrivata stremata alla peggiore finale di Champions di sempre, con Lautaro a mezzo servizio. Alla Thu-La si \u00e8 aggiunta la coppia Esposito-Bonny: le aspettative su di loro sono alte, le premesse sono buone e il fatto che il tecnico romeno sia uno specialista dei giovani e abbia gi\u00e0 lavorato con entrambi pu\u00f2 accelerare il loro inserimento nelle rotazioni offensive, con lo scudetto come obiettivo e un posto tra le prime 8 del maxi girone di Champions come idea di partenza&#8221;.<\/p>\n<p class=\"is-copyright\">\u00a9 RIPRODUZIONE RISERVATA<\/p>\n","protected":false},"excerpt":{"rendered":"I nerazzurri aprono una nuova fase, affidandosi a quello che il Corriere della Sera indica come l&#8217;acquisto pi\u00f9&hellip;\n","protected":false},"author":3,"featured_media":63988,"comment_status":"","ping_status":"","sticky":false,"template":"","format":"standard","meta":{"footnotes":""},"categories":[1452],"tags":[2842,50290,33727,11276,50291,50292,583,721,1969,2839,50293,50294,5371,50295,4864,18909,1740,350,1537,90,89,609,6072,13287,1739,245,244,2199],"class_list":{"0":"post-63987","1":"post","2":"type-post","3":"status-publish","4":"format-standard","5":"has-post-thumbnail","7":"category-calcio","8":"tag-acquisto","9":"tag-acquisto-atteso","10":"tag-affidandosi","11":"tag-aprono","12":"tag-aprono-nuova","13":"tag-aprono-nuova-fase","14":"tag-atteso","15":"tag-calcio","16":"tag-champions","17":"tag-chivu","18":"tag-chivu-acquisto","19":"tag-chivu-acquisto-atteso","20":"tag-colpo","21":"tag-colpo-estivo","22":"tag-corriere","23":"tag-corriere-sera","24":"tag-football","25":"tag-inter","26":"tag-it","27":"tag-italia","28":"tag-italy","29":"tag-nerazzurri","30":"tag-scudetto","31":"tag-sera","32":"tag-soccer","33":"tag-sport","34":"tag-sports","35":"tag-ultima"},"share_on_mastodon":{"url":"","error":""},"_links":{"self":[{"href":"https:\/\/www.europesays.com\/it\/wp-json\/wp\/v2\/posts\/63987","targetHints":{"allow":["GET"]}}],"collection":[{"href":"https:\/\/www.europesays.com\/it\/wp-json\/wp\/v2\/posts"}],"about":[{"href":"https:\/\/www.europesays.com\/it\/wp-json\/wp\/v2\/types\/post"}],"author":[{"embeddable":true,"href":"https:\/\/www.europesays.com\/it\/wp-json\/wp\/v2\/users\/3"}],"replies":[{"embeddable":true,"href":"https:\/\/www.europesays.com\/it\/wp-json\/wp\/v2\/comments?post=63987"}],"version-history":[{"count":0,"href":"https:\/\/www.europesays.com\/it\/wp-json\/wp\/v2\/posts\/63987\/revisions"}],"wp:featuredmedia":[{"embeddable":true,"href":"https:\/\/www.europesays.com\/it\/wp-json\/wp\/v2\/media\/63988"}],"wp:attachment":[{"href":"https:\/\/www.europesays.com\/it\/wp-json\/wp\/v2\/media?parent=63987"}],"wp:term":[{"taxonomy":"category","embeddable":true,"href":"https:\/\/www.europesays.com\/it\/wp-json\/wp\/v2\/categories?post=63987"},{"taxonomy":"post_tag","embeddable":true,"href":"https:\/\/www.europesays.com\/it\/wp-json\/wp\/v2\/tags?post=63987"}],"curies":[{"name":"wp","href":"https:\/\/api.w.org\/{rel}","templated":true}]}}