{"id":639904,"date":"2026-08-19T17:16:17","date_gmt":"2026-08-19T17:16:17","guid":{"rendered":"https:\/\/www.europesays.com\/it\/639904\/"},"modified":"2026-08-19T17:16:17","modified_gmt":"2026-08-19T17:16:17","slug":"infortunio-gatti-il-difensore-ko-per-la-scivolata-di-un-tifoso-della-juventus","status":"publish","type":"post","link":"https:\/\/www.europesays.com\/it\/639904\/","title":{"rendered":"Infortunio Gatti, il difensore ko per la scivolata di un tifoso della juventus"},"content":{"rendered":"<p>                                Oggi il difensore non si \u00e8 allenato a causa della botta rimediata nell&#8217;invasione di campo nell&#8217;amichevole in famiglia<\/p>\n<p class=\"paragraph\" spellcheck=\"true\">Federico Gatti \u00e8 out. Non si \u00e8 allenato per i postumi della botta alla caviglia rimediata in quel tackle subito da un invasore, un tifoso, nell&#8217;amichevole con la Next Gen dell&#8217;Allianz Stadium. Niente di grave, ma il difensore oggi non \u00e8 allenato ed al momento rischia di saltare la trasferta di Frosinone, in programma domenica per la prima di campionato. I fatti portano comunque a una riflessione nel club, che potrebbe decidere di cambiare il prossimo anno il format della festa in famiglia, considerato che l&#8217;invasione ha provocato anche una serie di danni che andranno risolti entro la prima partita casalinga con il Parma di sabato prossimo.<\/p>\n<p>    l&#8217;episodio\u2014 \u00a0<\/p>\n<p class=\"paragraph is-inline\" spellcheck=\"true\">Il difensore centrale della <a href=\"https:\/\/www.gazzetta.it\/calcio\/squadre\/juventus\/\" rel=\"nofollow noopener\" target=\"_blank\">Juventus<\/a> era pronto a disputare la ripresa dell&#8217;amichevole in famiglia e si trovava al centro del campo, rivolto nella direzione opposta rispetto alla quale i tifosi hanno iniziato a entrare sul terreno di gioco: una tradizione, ma stavolta il secondo tempo non si \u00e8 neanche disputato. Gatti, a differenza dei compagni che hanno guadagnato immediatamente l\u2019ingresso dello spogliatoio, \u00e8 rimasto dentro a un capannello di tifosi che si \u00e8 creato in qualche secondo attorno a lui, travolta dall\u2019entrata del tifoso in piena scivolata. Un eccesso d\u2019entusiasmo che \u00e8 costato caro.<\/p>\n<p><a class=\"is-partner-link\" href=\"https:\/\/ad.doubleclick.net\/ddm\/trackclk\/N1792338.340088CAIRORCSMEDIAS.P.\/B28038690.452531709;dc_trk_aid=646241311;dc_trk_cid=173665161;dc_lat=;dc_rdid=;tag_for_child_directed_treatment=;tfua=;gdpr=%24%7BGDPR%7D;gdpr_consent=%24%7BGDPR_CONSENT_755%7D;ltd=;dc_tdv=1\" rel=\"nofollow noopener\" target=\"_blank\">Guarda tutte le partite di Serie A Enilive in esclusiva nei locali Sky! Trova il locale pi\u00f9 vicino a te.<\/a><\/p>\n<p>    gli altri a rischio\u2014 \u00a0<\/p>\n<p class=\"paragraph is-inline\" spellcheck=\"true\">Anche Cambiaso non si \u00e8 allenato a causa di un dolore alla caviglia, ma l&#8217;allarme dovrebbe rientrare gi\u00e0 domani quando \u00e8 atteso in gruppo. Lieve lombalgia Milik: l&#8217;attaccante polacco non si \u00e8 allenato con i compagni. Esattamente come Ekhator, che ha proseguito il lavoro differenziato sul campo vedendo sempre pi\u00f9 vicino il momento del rientro.<\/p>\n<p class=\"is-copyright\">\u00a9 RIPRODUZIONE RISERVATA<\/p>\n","protected":false},"excerpt":{"rendered":"Oggi il difensore non si \u00e8 allenato a causa della botta rimediata nell&#8217;invasione di campo nell&#8217;amichevole in famiglia&hellip;\n","protected":false},"author":3,"featured_media":636977,"comment_status":"","ping_status":"","sticky":false,"template":"","format":"standard","meta":{"footnotes":"","_share_on_mastodon":"0"},"categories":[6],"tags":[25261,353513,38821,51873,4712,351448,5804,921,1048,22232,4021,14,420,4053,353514,1909,12806,8,1537,90,89,7,15,82,9,83,10,13636,13,11,80,84,12,81,85],"class_list":["post-639904","post","type-post","status-publish","format-standard","has-post-thumbnail","category-ultime-notizie","tag-allenato","tag-allenato-causa","tag-allianz","tag-allianz-stadium","tag-amichevole","tag-amichevole-famiglia","tag-botta","tag-campo","tag-causa","tag-caviglia","tag-compagni","tag-cronaca","tag-danni","tag-difensore","tag-difensore-allenato","tag-famiglia","tag-gatti","tag-headlines","tag-it","tag-italia","tag-italy","tag-news","tag-notizie","tag-notizie-di-cronaca","tag-notizie-principali","tag-notiziedicronaca","tag-notizieprincipali","tag-tifoso","tag-titoli","tag-ultime-notizie","tag-ultime-notizie-di-cronaca","tag-ultime-notizie-e-news-di-oggi","tag-ultimenotizie","tag-ultimenotiziedicronaca","tag-ultimenotizieenewsdioggi"],"share_on_mastodon":{"url":"","error":""},"_links":{"self":[{"href":"https:\/\/www.europesays.com\/it\/wp-json\/wp\/v2\/posts\/639904","targetHints":{"allow":["GET"]}}],"collection":[{"href":"https:\/\/www.europesays.com\/it\/wp-json\/wp\/v2\/posts"}],"about":[{"href":"https:\/\/www.europesays.com\/it\/wp-json\/wp\/v2\/types\/post"}],"author":[{"embeddable":true,"href":"https:\/\/www.europesays.com\/it\/wp-json\/wp\/v2\/users\/3"}],"replies":[{"embeddable":true,"href":"https:\/\/www.europesays.com\/it\/wp-json\/wp\/v2\/comments?post=639904"}],"version-history":[{"count":0,"href":"https:\/\/www.europesays.com\/it\/wp-json\/wp\/v2\/posts\/639904\/revisions"}],"wp:featuredmedia":[{"embeddable":true,"href":"https:\/\/www.europesays.com\/it\/wp-json\/wp\/v2\/media\/636977"}],"wp:attachment":[{"href":"https:\/\/www.europesays.com\/it\/wp-json\/wp\/v2\/media?parent=639904"}],"wp:term":[{"taxonomy":"category","embeddable":true,"href":"https:\/\/www.europesays.com\/it\/wp-json\/wp\/v2\/categories?post=639904"},{"taxonomy":"post_tag","embeddable":true,"href":"https:\/\/www.europesays.com\/it\/wp-json\/wp\/v2\/tags?post=639904"}],"curies":[{"name":"wp","href":"https:\/\/api.w.org\/{rel}","templated":true}]}}