{"id":639984,"date":"2026-08-19T18:29:17","date_gmt":"2026-08-19T18:29:17","guid":{"rendered":"https:\/\/www.europesays.com\/it\/639984\/"},"modified":"2026-08-19T18:29:17","modified_gmt":"2026-08-19T18:29:17","slug":"camp-miasma-adolescenza-sesso-e-morte-recensione-del-film-horror-jane-schoenbrun","status":"publish","type":"post","link":"https:\/\/www.europesays.com\/it\/639984\/","title":{"rendered":"Camp Miasma: Adolescenza, sesso e morte, recensione del film horror Jane Schoenbrun"},"content":{"rendered":"<p>La trama, in fondo, \u00e8 un incantesimo. Dopo anni di sequel scadenti e un pubblico ormai disilluso, il franchise viene affidato a una giovane cineasta indie, Kris (una splendida Hannah Einbinder, Emmy per Hacks), autrice di un corto che rilegge la doccia di Psycho dal punto di vista della tenda.<\/p>\n<p>Una major la recluta per resuscitare una saga in coma e ripulirne la reputazione, giacch\u00e9 il franchise \u00e8 accusato di transfobia. La soluzione, di questi tempi, \u00e8 nota: mettere sotto contratto una regista queer.<\/p>\n<p>E qui Schoenbrun fa una cosa rara: gioca con l&#8217;artificio a ogni fotogramma, con il sangue che scorre lungo l&#8217;intera scala della finzione. Si comincia con un geyser da pozzo petrolifero, molto pi\u00f9 sangue di quanto un corpo umano potrebbe contenerne, eccesso puro che ci spedisce dritti in cartoon-land.<\/p>\n<p>A met\u00e0 esatta del film arriva la mattanza girata come un music video horror alla Michael Bay, patinatissima, state-of-the-art. Poi, di colpo, una scena volutamente sbagliata, illuminata male, con un sangue che deve somigliare a uno yogurt rosa per risultare autentico, come l&#8217;ottava imitazione di Venerd\u00ec 13 finita dritta in videocassetta nel 1987.<\/p>\n<p>Non \u00e8 un vezzo: se tutto \u00e8 artificio, saremo pronti a restare folgorati quando qualcosa di reale, all&#8217;improvviso, affiora.<\/p>\n<p>C&#8217;\u00e8 persino un mago della neve chiamato dalla British Columbia a fabbricare l&#8217;inverno in piena estate, perch\u00e9 il tipo del sangue e il tipo della neve, qui, sono la stessa persona. E intanto ci si gode i dettagli: il capo dello studio che ha appena parlato con Jason Blum di una serie su Halloween e scherza sull&#8217;assonanza tra Michael Myers e Mike Myers, la maschera ricavata da una presa d&#8217;aria, la tuta bianca, la lancia, le vecchie videocassette con il loro claim: se la visione \u00e8 troppo reale, puoi sempre interromperla<\/p>\n<p>\t\t\t\t\t\t<img decoding=\"async\" class=\"c-extended-card__image j-lazyload\" src=\"https:\/\/www.europesays.com\/it\/wp-content\/uploads\/2026\/08\/Webphoto_Camp_Miasma_-_Adole_076794_14.jpg\" loading=\"lazy\" alt=\"\"\/><\/p>\n","protected":false},"excerpt":{"rendered":"La trama, in fondo, \u00e8 un incantesimo. Dopo anni di sequel scadenti e un pubblico ormai disilluso, il&hellip;\n","protected":false},"author":3,"featured_media":639985,"comment_status":"","ping_status":"","sticky":false,"template":"","format":"standard","meta":{"footnotes":"","_share_on_mastodon":"0"},"categories":[1442],"tags":[203,454,5344,204,1537,90,89,1521],"class_list":["post-639984","post","type-post","status-publish","format-standard","has-post-thumbnail","category-film","tag-entertainment","tag-film","tag-horror","tag-intrattenimento","tag-it","tag-italia","tag-italy","tag-movies"],"share_on_mastodon":{"url":"https:\/\/pubeurope.com\/@it\/117123597392427460","error":""},"_links":{"self":[{"href":"https:\/\/www.europesays.com\/it\/wp-json\/wp\/v2\/posts\/639984","targetHints":{"allow":["GET"]}}],"collection":[{"href":"https:\/\/www.europesays.com\/it\/wp-json\/wp\/v2\/posts"}],"about":[{"href":"https:\/\/www.europesays.com\/it\/wp-json\/wp\/v2\/types\/post"}],"author":[{"embeddable":true,"href":"https:\/\/www.europesays.com\/it\/wp-json\/wp\/v2\/users\/3"}],"replies":[{"embeddable":true,"href":"https:\/\/www.europesays.com\/it\/wp-json\/wp\/v2\/comments?post=639984"}],"version-history":[{"count":0,"href":"https:\/\/www.europesays.com\/it\/wp-json\/wp\/v2\/posts\/639984\/revisions"}],"wp:featuredmedia":[{"embeddable":true,"href":"https:\/\/www.europesays.com\/it\/wp-json\/wp\/v2\/media\/639985"}],"wp:attachment":[{"href":"https:\/\/www.europesays.com\/it\/wp-json\/wp\/v2\/media?parent=639984"}],"wp:term":[{"taxonomy":"category","embeddable":true,"href":"https:\/\/www.europesays.com\/it\/wp-json\/wp\/v2\/categories?post=639984"},{"taxonomy":"post_tag","embeddable":true,"href":"https:\/\/www.europesays.com\/it\/wp-json\/wp\/v2\/tags?post=639984"}],"curies":[{"name":"wp","href":"https:\/\/api.w.org\/{rel}","templated":true}]}}