{"id":640259,"date":"2026-08-19T22:35:12","date_gmt":"2026-08-19T22:35:12","guid":{"rendered":"https:\/\/www.europesays.com\/it\/640259\/"},"modified":"2026-08-19T22:35:12","modified_gmt":"2026-08-19T22:35:12","slug":"harry-e-meghan-tornano-a-vivere-in-gran-bretagna","status":"publish","type":"post","link":"https:\/\/www.europesays.com\/it\/640259\/","title":{"rendered":"Harry e Meghan tornano a vivere in Gran Bretagna"},"content":{"rendered":"<p>    di<br \/>\n    Enrica Roddolo<\/p>\n<p class=\"summary-art is-line-h-12\">Re Carlo \u00e8 stato informato della decisione domenica. Si trasferiranno in una residenza non reale e non svolgeranno attivit\u00e0 legate alla Corona<\/p>\n<p class=\"chapter-paragraph\"><b>Sei anni dopo la Megxit, il divorzio con la Corona<\/b>, l&#8217;addio alla Famiglia reale e alla Firm, la Ditta dei Windsor,\u00a0\u00a0<b>il principe Harry e sua moglie Meghan sono pronti a tornare in Gran Bretagna<\/b>.\u00a0<\/p>\n<p class=\"chapter-paragraph\"><b>Secondo la Bbc e altri media britannici<\/b>, la possibilit\u00e0 di un ritorno in patria per i duchi di Sussex nell&#8217;aria da mesi ora \u00e8 realt\u00e0.\u00a0 <b>Dopo l&#8217;incontro decisivo di Harry e Meghan<\/b> con il sovrano britannico poche settimane fa nella privacy della residenza personale del Re, <b>Highgrove, il riavvicinamento<\/b> tra padre e figlio ha avuto una decisa accelerazione.    &#13;<br \/>\n&#13;<br \/>\n&#13;<br \/>\n&#13;<br \/>\n&#13;<br \/>\n&#13;<br \/>\n&#13;<br \/>\n&#13;<br \/>\n&#13;<br \/>\n&#13;<br \/>\n&#13;<br \/>\n&#13;<br \/>\n&#13;<br \/>\n&#13;<br \/>\n&#13;<br \/>\n&#13;<br \/>\n&#13;<br \/>\n&#13;<br \/>\n&#13;<br \/>\n&#13;<br \/>\n&#13;<br \/>\n&#13;<br \/>\n&#13;<br \/>\n&#13;<br \/>\n&#13;<br \/>\n&#13;<br \/>\n&#13;<br \/>\n&#13;<br \/>\n&#13;<br \/>\n&#13;<br \/>\n&#13;<br \/>\n&#13;<br \/>\n&#13;<br \/>\n&#13;<br \/>\n&#13;<br \/>\n&#13;<br \/>\n&#13;<br \/>\n&#13;<br \/>\n&#13;<br \/>\n&#13;<br \/>\n&#13;<br \/>\n&#13;<br \/>\n&#13;<br \/>\n&#13;<br \/>\n&#13;<br \/>\n&#13;<br \/>\n&#13;<br \/>\n&#13;<br \/>\n&#13;<br \/>\n&#13;<br \/>\n&#13;<br \/>\n&#13;<br \/>\n&#13;\n<\/p>\n<p class=\"chapter-paragraph\">In fondo Harry nei mesi scorsi si era lasciato sfuggire il desiderio di \u00abtornare periodicamente\u00bb a Londra. Dopo che gi\u00e0 <b>un anno fa a luglio il disgelo era ufficialmente iniziato con l&#8217;incontro degli emissari del Re con quelli di Harry in club di Pal Mall.<\/b><\/p>\n<p class=\"chapter-paragraph\">Il secondogenito di Carlo avrebbe gi\u00e0 iscritto<b> i figli Archie (7 anni) e Lilibet (5 anni) alla scuola nel Regno Unito.\u00a0<\/b><\/p>\n<p class=\"chapter-paragraph\"><b>Re Carlo III sarebbe stato informato della decisione la scorsa domenic<\/b>a, e pare abbia accolto con piacere la notizia, potendo cos\u00ec trascorrere pi\u00f9 tempo con la famiglia anche in privato.<\/p>\n<p class=\"chapter-paragraph\"><b>Anche i principi di Galles, William e Catherine, sono stati messi al corrente<\/b> della decisione del principe Harry e della moglie. Il rapporto con il fratello maggiore William \u00e8 sempre stato lo scoglio pi\u00f9 difficile al riavvicinamento che arriva<b> giusto a un anno dal trentennale dalla morte della principessa Diana, nel 199<\/b>7. E mentre il conte Charles Spencer,\u00a0 fratello della madre di William ed Harry, annuncia la pubblicazione del suo libro verit\u00e0 su Lady D.<\/p>\n<p class=\"chapter-paragraph\"><b>Non solo, ma nel 2027 sono previsti gli Invictus Games di Birmingham<\/b>, i giochi per militari feriti in guerra voluti dal principe Harry che torneranno per la prima volta dalla prima edizione nel Regno Unito. <b>Ed Harry ha gi\u00e0 invitato suo padre, il Re.\u00a0<\/b><\/p>\n<p class=\"chapter-paragraph\">I duchi di Sussex si trasferiranno in una <b>residenza non reale<\/b>\u00a0(non \u00e8 ancora chiaro se si tratta di una casa in affitto o comprata) e per ora non svolgeranno attivit\u00e0 legate alla Corona. Non riceveranno dunque alcun finanziamento pubblico durante il loro soggiorno inglese. Continueranno, invece, a svolgere le loro attivit\u00e0 imprenditoriali.<\/p>\n<p class=\"chapter-paragraph\">Secondo il Daily Mail, la coppia avrebbe deciso di restare in Gran Bretagna finch\u00e9 i figli andranno a scuola, per un \u00abextended period\u00bb. Hanno comunque voluto mantenere la propriet\u00e0 a Montecito, in California, oltre a quella che possiedono in Portogallo.\u00a0<\/p>\n<p class=\"chapter-paragraph\">Carlo aveva sfrattato i duchi da <b>Frogmore Cottage, a Windsor<\/b>, nel gennaio 2023. I rapporti erano stati compromessi dalla pubblicazione del libro\u00a0\u00abSpare\u00bb.\u00a0<\/p>\n<p class=\"chapter-paragraph\">Almeno in due occasioni, negli ultimi anni,<b> re Carlo avrebbe offerto al figlio ospitalit\u00e0 in una residenza real<\/b>e per i suoi impegni a Londra: <b>nel luglio scorso<\/b> quando \u00e8 arrivato per le cerimonie di avvicinamento agli Invictus di Birmingham poi raggiunto da Meghan con i figli. <b>E anche un anno fa a settembre <\/b>quando il principe era stato ricevuto da Carlo a Clarence House dopo il primo incontro\u00a0\u00abriparatore\u00bb all&#8217;annuncio del cancro del re nel febbraio 2024. Anche se Harry non ha mai accettato.<\/p>\n<p class=\"chapter-paragraph\"><b>Al rientro in patria di Harry e Meghan, oltre ai rapporti con la famiglia reale<\/b> ora ristabiliti si \u00e8 sempre opposto anche il <b>nodo sicurezza<\/b> che da anni contrappone il principe alla <b>decisione del Ravec l&#8217;ente che dispone la copertura di sicurezza dei reali con impegni ufficiali.<\/b> Una lunga battaglia durante la quale Harry aveva detto di aver paura a portare la moglie Meghan a Londra temendo per la sua sicurezza. Non \u00e8 stato reso noto dai duchi di Sussex come sar\u00e0 in effetti gestito il tema sicurezza.<\/p>\n<p class=\"is-last-update\" datetime=\"2026-08-20T00:25:57+02:00\">19 agosto 2026 ( modifica il 20 agosto 2026 | 00:25)<\/p>\n<p class=\"is-copyright\">\n            \u00a9 RIPRODUZIONE RISERVATA\n        <\/p>\n","protected":false},"excerpt":{"rendered":"di Enrica Roddolo Re Carlo \u00e8 stato informato della decisione domenica. Si trasferiranno in una residenza non reale&hellip;\n","protected":false},"author":3,"featured_media":640260,"comment_status":"","ping_status":"","sticky":false,"template":"","format":"standard","meta":{"footnotes":"","_share_on_mastodon":"0"},"categories":[174],"tags":[1498,353715,353716,2930,3986,2387,11973,1368,1112,60605,270433,203,1909,25809,2731,2716,3688,3336,6874,303,108714,353717,8675,399,20715,204,1537,90,89,5122,57492,1229,4661,363,2516,10233,4736,20204,353714,863,57497,306],"class_list":["post-640259","post","type-post","status-publish","format-standard","has-post-thumbnail","category-intrattenimento","tag-attivita","tag-attivita-legate","tag-attivita-legate-corona","tag-birmingham","tag-bretagna","tag-carlo","tag-corona","tag-decisione","tag-domenica","tag-duchi","tag-duchi-sussex","tag-entertainment","tag-famiglia","tag-famiglia-reale","tag-figli","tag-figlio","tag-fratello","tag-gran","tag-gran-bretagna","tag-harry","tag-harry-meghan","tag-harry-moglie","tag-impegni","tag-incontro","tag-informato","tag-intrattenimento","tag-it","tag-italia","tag-italy","tag-londra","tag-meghan","tag-moglie","tag-principe","tag-principe-harry","tag-re","tag-re-carlo","tag-reale","tag-residenza","tag-residenza-reale","tag-sicurezza","tag-sussex","tag-william"],"share_on_mastodon":{"url":"","error":"Validation failed: Text character limit of 500 exceeded"},"_links":{"self":[{"href":"https:\/\/www.europesays.com\/it\/wp-json\/wp\/v2\/posts\/640259","targetHints":{"allow":["GET"]}}],"collection":[{"href":"https:\/\/www.europesays.com\/it\/wp-json\/wp\/v2\/posts"}],"about":[{"href":"https:\/\/www.europesays.com\/it\/wp-json\/wp\/v2\/types\/post"}],"author":[{"embeddable":true,"href":"https:\/\/www.europesays.com\/it\/wp-json\/wp\/v2\/users\/3"}],"replies":[{"embeddable":true,"href":"https:\/\/www.europesays.com\/it\/wp-json\/wp\/v2\/comments?post=640259"}],"version-history":[{"count":0,"href":"https:\/\/www.europesays.com\/it\/wp-json\/wp\/v2\/posts\/640259\/revisions"}],"wp:featuredmedia":[{"embeddable":true,"href":"https:\/\/www.europesays.com\/it\/wp-json\/wp\/v2\/media\/640260"}],"wp:attachment":[{"href":"https:\/\/www.europesays.com\/it\/wp-json\/wp\/v2\/media?parent=640259"}],"wp:term":[{"taxonomy":"category","embeddable":true,"href":"https:\/\/www.europesays.com\/it\/wp-json\/wp\/v2\/categories?post=640259"},{"taxonomy":"post_tag","embeddable":true,"href":"https:\/\/www.europesays.com\/it\/wp-json\/wp\/v2\/tags?post=640259"}],"curies":[{"name":"wp","href":"https:\/\/api.w.org\/{rel}","templated":true}]}}