{"id":640416,"date":"2026-08-20T01:04:18","date_gmt":"2026-08-20T01:04:18","guid":{"rendered":"https:\/\/www.europesays.com\/it\/640416\/"},"modified":"2026-08-20T01:04:18","modified_gmt":"2026-08-20T01:04:18","slug":"ecco-il-team-xds-astana-ulissi-scaroni-e-champoussin","status":"publish","type":"post","link":"https:\/\/www.europesays.com\/it\/640416\/","title":{"rendered":"Ecco il team XDS-Astana. Ulissi, Scaroni e Champoussin"},"content":{"rendered":"<p>Si avvicina l\u2019appuntamento con due grandi classiche, ovvero il <strong>Giro della Toscana 2026<\/strong> e il <strong>Gran Premio Citt\u00e0 di Peccioli Coppa Sabatini 2026<\/strong>. Nella gara del 9 settembre 2026, Giro della Toscana, e al Gran Premio Citt\u00e0 di Peccioli \u2013 Coppa Sabatini (10 settembre) la <strong>XDS-Astana<\/strong> schierer\u00e0 Simone Velasco, <strong>Diego Ulissi<\/strong> (in foto), Christian Scaroni, Clement Champoussin, Sergio Higuita e forse anche Marco Schrettl e Nicolya Vinokurov.<\/p>\n<p>Il francese Champoussin vinse a Pontedera il Giro della Toscana 2024. Invece Ulissi \u00e8 nell\u2019albo d\u2019oro della Sabatini; trionf\u00f2 nel 2013. Limitatamente alla Coppa Sabatini del 10 settembre la XDS-Astana avr\u00e0 pure Davide Ballerini. Scaroni nel 2025 si \u00e8 aggiudicato la Coppa Italia delle Regioni della Lega Ciclismo, di cui Toscana e Sabatini fanno parte.<\/p>\n<p>Quest\u2019anno Christian ha ottenuto 3 vittorie: Classica Camp Morvedre in Spagna pi\u00f9 una tappa e la classifica finale del Giro dell\u2019Oman. &#8220;Scaroni \u2013 puntualizza Stefano Zanini, che dirige la XDS-Astana \u2013 \u00e8 reduce da un bel Giro di Polonia in cui \u00e8 stato anche leader in classifica. L\u2019ha perso all\u2019ultima giornata poich\u00e9 le cronometro non rappresentano il suo punto forte. Al Giro della Toscana e Coppa Sabatini punteremo anche su Christian, che vorrebbe guadagnare punti sufficienti a risalire nella classifica di Coppa Italia delle Regioni. Ulissi, Higuita, Champoussin e Velasco sono tutti corridori che nelle due gare della Valdera possono fare bella figura&#8221;.<\/p>\n<p>Ulissi nelle prime 16 stagioni da professionista ha sempre vinto come minimo una corsa all\u2019anno. E\u2019 alla sua diciassettesima stagione, l\u2019unica in cui per il momento non ha vinto.<\/p>\n<p>&#8220;Spero che il 9 e 10 settembre Diego abbia gi\u00e0 almeno un successo stagionale all\u2019attivo \u2013 precisa il direttore sportivo \u2013 e in caso contrario Toscana e Sabatini diventeranno ottime occasioni per togliere lo zero dalla casella&#8221;. In caso di vittoria a Peccioli il 10 settembre Ulissi diventerebbe l\u2019unico plurivincitore della Sabatini ad ottenere il bis a 13 anni dal 1\u00b0 trionfo.<\/p>\n","protected":false},"excerpt":{"rendered":"Si avvicina l\u2019appuntamento con due grandi classiche, ovvero il Giro della Toscana 2026 e il Gran Premio Citt\u00e0&hellip;\n","protected":false},"author":3,"featured_media":640417,"comment_status":"","ping_status":"","sticky":false,"template":"","format":"standard","meta":{"footnotes":"","_share_on_mastodon":"0"},"categories":[1456],"tags":[353770,1824,1825,1537,90,89,36187,245,244,3339,134550,353769],"class_list":["post-640416","post","type-post","status-publish","format-standard","has-post-thumbnail","category-ciclismo","tag-champoussin","tag-ciclismo","tag-cycling","tag-it","tag-italia","tag-italy","tag-scaroni","tag-sport","tag-sports","tag-team","tag-ulissi","tag-xdsastana"],"share_on_mastodon":{"url":"https:\/\/pubeurope.com\/@it\/117125150457905044","error":""},"_links":{"self":[{"href":"https:\/\/www.europesays.com\/it\/wp-json\/wp\/v2\/posts\/640416","targetHints":{"allow":["GET"]}}],"collection":[{"href":"https:\/\/www.europesays.com\/it\/wp-json\/wp\/v2\/posts"}],"about":[{"href":"https:\/\/www.europesays.com\/it\/wp-json\/wp\/v2\/types\/post"}],"author":[{"embeddable":true,"href":"https:\/\/www.europesays.com\/it\/wp-json\/wp\/v2\/users\/3"}],"replies":[{"embeddable":true,"href":"https:\/\/www.europesays.com\/it\/wp-json\/wp\/v2\/comments?post=640416"}],"version-history":[{"count":0,"href":"https:\/\/www.europesays.com\/it\/wp-json\/wp\/v2\/posts\/640416\/revisions"}],"wp:featuredmedia":[{"embeddable":true,"href":"https:\/\/www.europesays.com\/it\/wp-json\/wp\/v2\/media\/640417"}],"wp:attachment":[{"href":"https:\/\/www.europesays.com\/it\/wp-json\/wp\/v2\/media?parent=640416"}],"wp:term":[{"taxonomy":"category","embeddable":true,"href":"https:\/\/www.europesays.com\/it\/wp-json\/wp\/v2\/categories?post=640416"},{"taxonomy":"post_tag","embeddable":true,"href":"https:\/\/www.europesays.com\/it\/wp-json\/wp\/v2\/tags?post=640416"}],"curies":[{"name":"wp","href":"https:\/\/api.w.org\/{rel}","templated":true}]}}