{"id":640438,"date":"2026-08-20T01:22:22","date_gmt":"2026-08-20T01:22:22","guid":{"rendered":"https:\/\/www.europesays.com\/it\/640438\/"},"modified":"2026-08-20T01:22:22","modified_gmt":"2026-08-20T01:22:22","slug":"cattolica-dopo-litigio-si-getta-con-lauto-nel-canale-on-la-moglie-a-bordo-salvati","status":"publish","type":"post","link":"https:\/\/www.europesays.com\/it\/640438\/","title":{"rendered":"Cattolica, dopo litigio si getta con l&#8217;auto nel canale on la moglie a bordo: salvati"},"content":{"rendered":"<p>\u00c8 accaduto nel pomeriggio a Cattolica, in provincia di Rimini: un uomo si \u00e8 lanciato con l&#8217;auto nel porto canale, con la moglie seduta accanto. Dopo i primi soccorsi l&#8217;uomo \u00e8 fuggito tra gli scogli: solo ieri sera era stato arrestato e poi rilasciato<\/p>\n<p>Attimi di paura nel pomeriggio di marted\u00ec 19 agosto al porto canale di Cattolica, nel Riminese, dove un&#8217;auto con due persone a bordo \u00e8 finita in acqua. Alla guida un 45enne albanese che, secondo una prima ricostruzione, si sarebbe lanciato di proposito nel canale dopo un litigio, con la moglie, una connazionale 42enne, seduta al suo fianco. La vettura \u00e8 precipitata poco dopo le 16.30.<\/p>\n<p>\u00a0<\/p>\n<p>\t\t \tIl salvataggio<\/p>\n<p>Quando la macchina, una Volkswagen Golf, si \u00e8 inabissata, il portellone del bagagliaio si \u00e8 aperto e i due coniugi sono riusciti a riemergere. Determinante l&#8217;intervento di alcune persone presenti sulla banchina, che si sono gettate in acqua per aiutarli a raggiungere la riva. Sul posto sono intervenuti i sanitari del 118 e i vigili del fuoco.<\/p>\n<p>\t\t\t<a class=\"c-inline-card j-inline-card c-inline-card--with-image\" href=\"https:\/\/tg24.sky.it\/cronaca\/2026\/08\/19\/femminicidio-corigliano-rossano-fermo-marito\" rel=\"follow nofollow noopener\" data-intcmp=\"skytg24_articolo_approfondimenti_inline\" target=\"_blank\"><\/p>\n<p>\t\t\t         <img decoding=\"async\" crossorigin=\"anonymous\" alt=\"\"  loading=\"lazy\"  src=\"https:\/\/www.europesays.com\/it\/wp-content\/uploads\/2026\/08\/original-20f58d95-1287-4329-b878-8d22794be1af-4.jpg\"\/><\/p>\n<p>\n\t\t\t         Leggi anche<br \/>\n\t\t\t         Omicidio a Corigliano Rossano, fermato marito di Carmela Bifano\n\t\t\t      <\/p>\n<p>\t\t\t<\/a><\/p>\n<p>\t\t\tLa fuga dell&#8217;uomo<\/p>\n<p>Mentre i soccorritori prestavano le prime cure a marito e moglie, l&#8217;uomo, appena ripresosi, si \u00e8 improvvisamente allontanato correndo tra gli scogli e facendo perdere le proprie tracce. La donna \u00e8 stata invece trasportata in ospedale per accertamenti: si tratterebbe di controlli a scopo puramente precauzionale, e non sarebbe quindi in pericolo di vita. Sono in corso gli accertamenti delle forze dell&#8217;ordine per ricostruire con esattezza la dinamica dell&#8217;accaduto.<\/p>\n<p>\t\t\tIl 45enne era stato arrestato ieri<\/p>\n<p>Proprio ieri l&#8217;uomo, residente a San Giovanni in Marignano, era stato arrestato per resistenza a pubblico ufficiale, dopo che i carabinieri erano intervenuti in seguito ad una segnalazione per un litigio domestico. Nei confronti dell&#8217;uomo pare non risultino, al momento, denunce per violenza sulla moglie. Il 45enne ha piccoli precedenti, per\u00f2 molto datati.<\/p>\n<p>\t            TAG:<\/p>\n","protected":false},"excerpt":{"rendered":"\u00c8 accaduto nel pomeriggio a Cattolica, in provincia di Rimini: un uomo si \u00e8 lanciato con l&#8217;auto nel&hellip;\n","protected":false},"author":3,"featured_media":640439,"comment_status":"","ping_status":"","sticky":false,"template":"","format":"standard","meta":{"footnotes":"","_share_on_mastodon":"0"},"categories":[6],"tags":[14,8,1537,90,89,7,15,82,9,83,10,10973,13,11,80,84,12,81,85],"class_list":["post-640438","post","type-post","status-publish","format-standard","has-post-thumbnail","category-ultime-notizie","tag-cronaca","tag-headlines","tag-it","tag-italia","tag-italy","tag-news","tag-notizie","tag-notizie-di-cronaca","tag-notizie-principali","tag-notiziedicronaca","tag-notizieprincipali","tag-rimini","tag-titoli","tag-ultime-notizie","tag-ultime-notizie-di-cronaca","tag-ultime-notizie-e-news-di-oggi","tag-ultimenotizie","tag-ultimenotiziedicronaca","tag-ultimenotizieenewsdioggi"],"share_on_mastodon":{"url":"https:\/\/pubeurope.com\/@it\/117125222087002296","error":""},"_links":{"self":[{"href":"https:\/\/www.europesays.com\/it\/wp-json\/wp\/v2\/posts\/640438","targetHints":{"allow":["GET"]}}],"collection":[{"href":"https:\/\/www.europesays.com\/it\/wp-json\/wp\/v2\/posts"}],"about":[{"href":"https:\/\/www.europesays.com\/it\/wp-json\/wp\/v2\/types\/post"}],"author":[{"embeddable":true,"href":"https:\/\/www.europesays.com\/it\/wp-json\/wp\/v2\/users\/3"}],"replies":[{"embeddable":true,"href":"https:\/\/www.europesays.com\/it\/wp-json\/wp\/v2\/comments?post=640438"}],"version-history":[{"count":0,"href":"https:\/\/www.europesays.com\/it\/wp-json\/wp\/v2\/posts\/640438\/revisions"}],"wp:featuredmedia":[{"embeddable":true,"href":"https:\/\/www.europesays.com\/it\/wp-json\/wp\/v2\/media\/640439"}],"wp:attachment":[{"href":"https:\/\/www.europesays.com\/it\/wp-json\/wp\/v2\/media?parent=640438"}],"wp:term":[{"taxonomy":"category","embeddable":true,"href":"https:\/\/www.europesays.com\/it\/wp-json\/wp\/v2\/categories?post=640438"},{"taxonomy":"post_tag","embeddable":true,"href":"https:\/\/www.europesays.com\/it\/wp-json\/wp\/v2\/tags?post=640438"}],"curies":[{"name":"wp","href":"https:\/\/api.w.org\/{rel}","templated":true}]}}