{"id":640566,"date":"2026-08-20T03:59:16","date_gmt":"2026-08-20T03:59:16","guid":{"rendered":"https:\/\/www.europesays.com\/it\/640566\/"},"modified":"2026-08-20T03:59:16","modified_gmt":"2026-08-20T03:59:16","slug":"notte-della-taranta-piano-viabilita-e-sicurezza-scattano-le-misure-straordinarie","status":"publish","type":"post","link":"https:\/\/www.europesays.com\/it\/640566\/","title":{"rendered":"Notte della Taranta, piano viabilit\u00e0 e sicurezza: scattano le misure straordinarie"},"content":{"rendered":"<p style=\"text-align:justify;\">MELPIGNANO \u2013 Disposizioni per la viabilit\u00e0 e la sicurezza in vista della Notte della Taranta: dopo le informazioni dei giorni scorsi <a href=\"https:\/\/www.lecceprima.it\/attualita\/concertone-melpignano-come-arrivare-dove-parcheggiare-22-agosto-2026.html\" rel=\"nofollow noopener\" target=\"_blank\">sui mezzi pubblici per raggiungere Melpignano<\/a>, in occasione del concertone di sabato 22 agosto, arrivano le indicazioni definite nel comitato provinciale per l\u2019ordine, presieduto dal Prefetto, rese operative durante il tavolo tecnico dal questore di Lecce, d\u2019intesa con Anas e la fondazione \u201cLa notte della Taranta\u201d.<\/p>\n<p style=\"text-align:justify;\">Definite, dunque, le attivit\u00e0 volte a mitigare gli effetti derivanti dall\u2019incremento esponenziale di presenze per l\u2019occasioni, con la messa a punto di un piano condiviso per gestire l&#8217;aumento del traffico sia in occasione del concertone che per le prove del 21 agosto.<\/p>\n<p>Cantieri e modifiche sulla statale 16<\/p>\n<p style=\"text-align:justify;\">Particolare attenzione viene richiesta al tratto tra il km 981,000 e il km 985,200 della ss16 \u201cAdriatica\u201d, in quanto dalle 14 del 21 agosto alle 6 del 23 agosto ci saranno modifiche alla viabilit\u00e0 per gestire l&#8217;afflusso verso Melpignano. Raccordandosi con la Polizia Stradale, Anas intensificher\u00e0 la presenza di personale in loco, nel tratto compreso tra lo svincolo di Melpignano (km 981,000) e lo svincolo di Maglie centro-Otranto (km 985,200).<\/p>\n<p style=\"text-align:justify;\">In questa zona \u00e8 ancora attivo il cantiere per la ricostruzione del cavalcavia di Cursi, nell&#8217;ambito dei lavori di ammodernamento della Ss 275. Sul tratto tra il km 983,600 e il km 984,700 resta in vigore il restringimento a una corsia per senso di marcia, con limite di velocit\u00e0 di 30 km\/h e divieto di sorpasso. Per agevolare i flussi di traffico previsti, dalle 14 del 21 agosto alle 6 del 23 agosto sar\u00e0 vietata la svolta a sinistra lungo il tratto interessato.<\/p>\n<p>Ulteriori dettagli<\/p>\n<p style=\"text-align:justify;\">Il traffico proveniente da Nord e diretto a Cursi dovr\u00e0 invertire il senso di marcia allo svincolo di Maglie centro-Otranto (km 985,200); il traffico proveniente da Sud e diretto a Maglie dovr\u00e0 invertire il senso di marcia allo svincolo di Melpignano (km 980,900) o allo svincolo successivo di Melpignano-Corigliano (km 980,200). Gli utenti diretti all&#8217;evento sono invitati a prestare attenzione e a seguire la segnaletica presente sul posto.<\/p>\n<p style=\"text-align:justify;\">Personale Anas rester\u00e0 in costante contatto con le centrali operative delle forze dell\u2019ordine, monitorando il traffico in tempo reale e intervenendo, in caso di necessit\u00e0 e d\u2019intesa con la polizia stradale, con manovre di pilotaggio del traffico. Un\u2019attenzione particolare, inoltre, sar\u00e0 rivolta ai flussi diretti ai parcheggi dell&#8217;evento, accessibili dagli svincoli lungo la Ss16.<\/p>\n<p style=\"text-align:justify;\">La Fondazione ha invitato il pubblico a organizzare in anticipo il viaggio e a privilegiare, quando possibile, i servizi di trasporto collettivo predisposti per l\u2019evento, che \u00e8 a ingresso gratuito.<\/p>\n<p>Treni e autobus, parcheggi, servizi per disabili<\/p>\n<p style=\"text-align:justify;\">Come precedentemente comunicato FS Sud Est, anche quest&#8217;anno \u00e8 vettore ufficiale dell\u2019evento e ha predisposto un <a href=\"https:\/\/www.lecceprima.it\/attualita\/notte-taranta-treni-bus-straordinari-melpignano-22-agosto.html\" rel=\"nofollow noopener\" target=\"_blank\">proprio piano corse<\/a>. Anche Busforfun organizzer\u00e0 collegamenti di andata e ritorno da oltre 40 localit\u00e0 del territorio. In questo articolo i dettagli gi\u00e0 resi noti sulle <a href=\"https:\/\/www.lecceprima.it\/attualita\/concertone-melpignano-come-arrivare-dove-parcheggiare-22-agosto-2026.html\" rel=\"nofollow noopener\" target=\"_blank\">corse di treni e bus, sulla viabilit\u00e0 e accesso dei bus, sui parcheggi e i servizi alla disabilit\u00e0<\/a>.<\/p>\n<p style=\"text-align:justify;\">LeccePrima \u00e8 anche su Whatsapp. <a href=\"https:\/\/www.whatsapp.com\/channel\/0029VaGh03R4inorimgaQX0C\" rel=\"nofollow noopener\" target=\"_blank\">Seguici sul nostro canale.<\/a><\/p>\n","protected":false},"excerpt":{"rendered":"MELPIGNANO \u2013 Disposizioni per la viabilit\u00e0 e la sicurezza in vista della Notte della Taranta: dopo le informazioni&hellip;\n","protected":false},"author":3,"featured_media":640567,"comment_status":"","ping_status":"","sticky":false,"template":"","format":"standard","meta":{"footnotes":"","_share_on_mastodon":"0"},"categories":[174],"tags":[430,203,204,1537,90,89,722,96036,863,14133],"class_list":["post-640566","post","type-post","status-publish","format-standard","has-post-thumbnail","category-intrattenimento","tag-anas","tag-entertainment","tag-intrattenimento","tag-it","tag-italia","tag-italy","tag-lavori","tag-limitazioni","tag-sicurezza","tag-statale-16"],"share_on_mastodon":{"url":"https:\/\/pubeurope.com\/@it\/117125838481745361","error":""},"_links":{"self":[{"href":"https:\/\/www.europesays.com\/it\/wp-json\/wp\/v2\/posts\/640566","targetHints":{"allow":["GET"]}}],"collection":[{"href":"https:\/\/www.europesays.com\/it\/wp-json\/wp\/v2\/posts"}],"about":[{"href":"https:\/\/www.europesays.com\/it\/wp-json\/wp\/v2\/types\/post"}],"author":[{"embeddable":true,"href":"https:\/\/www.europesays.com\/it\/wp-json\/wp\/v2\/users\/3"}],"replies":[{"embeddable":true,"href":"https:\/\/www.europesays.com\/it\/wp-json\/wp\/v2\/comments?post=640566"}],"version-history":[{"count":0,"href":"https:\/\/www.europesays.com\/it\/wp-json\/wp\/v2\/posts\/640566\/revisions"}],"wp:featuredmedia":[{"embeddable":true,"href":"https:\/\/www.europesays.com\/it\/wp-json\/wp\/v2\/media\/640567"}],"wp:attachment":[{"href":"https:\/\/www.europesays.com\/it\/wp-json\/wp\/v2\/media?parent=640566"}],"wp:term":[{"taxonomy":"category","embeddable":true,"href":"https:\/\/www.europesays.com\/it\/wp-json\/wp\/v2\/categories?post=640566"},{"taxonomy":"post_tag","embeddable":true,"href":"https:\/\/www.europesays.com\/it\/wp-json\/wp\/v2\/tags?post=640566"}],"curies":[{"name":"wp","href":"https:\/\/api.w.org\/{rel}","templated":true}]}}