{"id":640651,"date":"2026-08-20T05:39:27","date_gmt":"2026-08-20T05:39:27","guid":{"rendered":"https:\/\/www.europesays.com\/it\/640651\/"},"modified":"2026-08-20T05:39:27","modified_gmt":"2026-08-20T05:39:27","slug":"il-vescovado-ilary-blasi-si-sposa-a-ravello-a-settembre-le-nozze-con-bastian-muller","status":"publish","type":"post","link":"https:\/\/www.europesays.com\/it\/640651\/","title":{"rendered":"Il Vescovado &#8211; Ilary Blasi si sposa a Ravello: a settembre le nozze con Bastian M\u00fcller"},"content":{"rendered":"<p><img decoding=\"async\" class=\"full\" src=\"https:\/\/www.europesays.com\/it\/wp-content\/uploads\/2026\/08\/ilary-blasi-si-sposa-a-ravello-a-settembre-le-noz-378137.webp\" alt=\"\"\/><\/p>\n<p><a href=\"https:\/\/www.amalfiboats.it\" target=\"_blank\" rel=\"nofollow noopener\"><img decoding=\"async\" src=\"https:\/\/www.europesays.com\/it\/wp-content\/uploads\/2026\/03\/amalfi-boats-costiera-amalfitana-charter-noleggi-332.webp.webp\" alt=\"Amalfi Boats Costiera Amalfitana, Charter, Noleggio imbarcazioni, Luxury Boats, Positano, Li Galli, Capri, Escursioni\"\/><\/a><\/p>\n<p>Sar\u00e0 <strong>Ravello<\/strong> a fare da cornice al matrimonio di <strong>Ilary Blasi e Bastian M\u00fcller<\/strong>. La coppia si prepara a pronunciare il fatidico s\u00ec il prossimo <strong>20 settembre<\/strong>, scegliendo uno dei luoghi pi\u00f9 suggestivi e prestigiosi della Costiera Amalfitana per celebrare le nozze.<\/p>\n<p>La location individuata per il ricevimento sarebbe la prestigiosa <strong>Villa Cimbrone<\/strong>, storica dimora ravellese conosciuta in tutto il mondo per i suoi giardini e, soprattutto, per la celebre <strong>Terrazza dell&#8217;Infinito<\/strong>, affacciata sul mare.<\/p>\n<p><a href=\"https:\/\/www.amalficharter.it\" target=\"_blank\" rel=\"nofollow noopener\"><img decoding=\"async\" src=\"https:\/\/www.europesays.com\/it\/wp-content\/uploads\/2026\/03\/amalfi-charter-prenota-la-tua-escursione-via-mare-293.webp.webp\" alt=\"Amalfi Charter, prenota la tua escursione via mare in Costiera Amalfitana\"\/><\/a><\/p>\n<p>Il legame della coppia con la Costiera Amalfitana non \u00e8 casuale. Gi\u00e0 nell&#8217;<strong>ottobre del 2025<\/strong>, Ilary Blasi e Bastian M\u00fcller avevano trascorso un fine settimana tra <strong>Ravello e Positano<\/strong>, soggiornando in alcune delle strutture simbolo dell&#8217;ospitalit\u00e0 di lusso della costa, tra cui <strong>Palazzo Avino<\/strong> e l&#8217;<strong>Hotel San Pietro<\/strong>.<\/p>\n<p>La relazione ha fatto un ulteriore passo avanti il <strong>14 febbraio scorso<\/strong>, nel giorno di San Valentino, quando Bastian M\u00fcller ha chiesto a Ilary Blasi di sposarlo a <strong>Parigi<\/strong>. La conduttrice aveva poi mostrato sui social l&#8217;anello di fidanzamento con diamante, condividendo con i suoi follower la notizia della proposta.<\/p>\n<p>Da quel momento sono iniziate le indiscrezioni sui preparativi delle nozze, mentre la coppia ha continuato a trascorrere insieme momenti di vita privata e vacanze in alcune delle localit\u00e0 pi\u00f9 esclusive d&#8217;Italia.<\/p>\n<p>Tra queste anche <strong>Capri<\/strong>, dove nell&#8217;aprile scorso Ilary Blasi aveva trascorso alcuni giorni insieme a Bastian M\u00fcller e alla figlia pi\u00f9 piccola, <strong>Isabel<\/strong>. <\/p>\n<p>Nel frattempo, il <strong>6 luglio<\/strong>, si \u00e8 concluso anche il divorzio tra Ilary Blasi e <strong>Francesco Totti<\/strong>, chiudendo definitivamente il capitolo del precedente matrimonio della conduttrice.<\/p>\n<p>Ora lo sguardo \u00e8 rivolto alla Costiera Amalfitana.<\/p>\n<p>La scelta di <strong>Villa Cimbrone<\/strong> aggiunge ulteriore fascino a un matrimonio che si annuncia particolarmente atteso dal mondo del gossip. La dimora storica, con i suoi giardini e gli affacci panoramici sulla Costiera, rappresenta infatti una delle location pi\u00f9 conosciute per eventi e celebrazioni di alto profilo.<\/p>\n<p>Il <strong>20 settembre<\/strong>, dunque, Ravello potrebbe trasformarsi in uno dei luoghi pi\u00f9 osservati della cronaca rosa italiana, con l&#8217;arrivo degli invitati e degli ospiti della coppia.<\/p>\n<p>Per Ilary Blasi e Bastian M\u00fcller sar\u00e0 il coronamento di una relazione che, dopo la proposta di matrimonio a Parigi, arriva cos\u00ec a un nuovo capitolo proprio in <strong>Costiera Amalfitana<\/strong>, territorio che la coppia aveva gi\u00e0 scelto per alcuni dei suoi soggiorni pi\u00f9 significativi.<\/p>\n<p><b>Se sei arrivato fino a qui<\/b>, significa che apprezzi il nostro impegno nel fornire notizie libere e accessibili a tutti.<\/p>\n<p>Per garantire un ambiente sicuro per i nostri lettori, abbiamo rimosso tutta la pubblicit\u00e0 invasiva, i cookie e i tracciamenti di terze parti.<\/p>\n<p>Tuttavia, per continuare a offrirti un&#8217;informazione di qualit\u00e0, il tuo aiuto \u00e8 fondamentale. Anche un piccolo contributo pu\u00f2 fare la differenza.<\/p>\n<p>Sostieni <b>Il Vescovado!<\/b><\/p>\n<p>Scegli il tuo contributo con <img loading=\"lazy\" decoding=\"async\" src=\"https:\/\/www.europesays.com\/it\/wp-content\/uploads\/2025\/07\/logo-paypal.webp.webp\" width=\"128\" height=\"33\" alt=\"\"\/><\/p>\n","protected":false},"excerpt":{"rendered":"Sar\u00e0 Ravello a fare da cornice al matrimonio di Ilary Blasi e Bastian M\u00fcller. La coppia si prepara&hellip;\n","protected":false},"author":3,"featured_media":640652,"comment_status":"","ping_status":"","sticky":false,"template":"","format":"standard","meta":{"footnotes":"","_share_on_mastodon":"0"},"categories":[1451],"tags":[22444,22453,22456,8818,1621,1620,11693,200855,22454,6288,22457,203,626,22458,7889,204,1537,90,89,22451,22445,13750,15,477,22447,22450,22443,22452,22448,22446,22442,22455,13552,22441],"class_list":["post-640651","post","type-post","status-publish","format-standard","has-post-thumbnail","category-celebrita","tag-amalfi-news","tag-atrani","tag-attualit","tag-campania","tag-celebrita","tag-celebrities","tag-comunicazione","tag-costa-d39amalfi","tag-costa-di-amalfi","tag-costiera-amalfitana","tag-curiosit","tag-entertainment","tag-eventi","tag-il-vescovado","tag-informazione","tag-intrattenimento","tag-it","tag-italia","tag-italy","tag-maiori","tag-maiori-news","tag-minori","tag-notizie","tag-politica","tag-portale-online-della-costa-di-amalfi","tag-positano","tag-positano-news","tag-praiano","tag-provincia-di-salerno","tag-quotidiano-on-line","tag-ravello-news","tag-ricorrenze","tag-scala","tag-vescovado"],"share_on_mastodon":{"url":"","error":"Validation failed: Text character limit of 500 exceeded"},"_links":{"self":[{"href":"https:\/\/www.europesays.com\/it\/wp-json\/wp\/v2\/posts\/640651","targetHints":{"allow":["GET"]}}],"collection":[{"href":"https:\/\/www.europesays.com\/it\/wp-json\/wp\/v2\/posts"}],"about":[{"href":"https:\/\/www.europesays.com\/it\/wp-json\/wp\/v2\/types\/post"}],"author":[{"embeddable":true,"href":"https:\/\/www.europesays.com\/it\/wp-json\/wp\/v2\/users\/3"}],"replies":[{"embeddable":true,"href":"https:\/\/www.europesays.com\/it\/wp-json\/wp\/v2\/comments?post=640651"}],"version-history":[{"count":0,"href":"https:\/\/www.europesays.com\/it\/wp-json\/wp\/v2\/posts\/640651\/revisions"}],"wp:featuredmedia":[{"embeddable":true,"href":"https:\/\/www.europesays.com\/it\/wp-json\/wp\/v2\/media\/640652"}],"wp:attachment":[{"href":"https:\/\/www.europesays.com\/it\/wp-json\/wp\/v2\/media?parent=640651"}],"wp:term":[{"taxonomy":"category","embeddable":true,"href":"https:\/\/www.europesays.com\/it\/wp-json\/wp\/v2\/categories?post=640651"},{"taxonomy":"post_tag","embeddable":true,"href":"https:\/\/www.europesays.com\/it\/wp-json\/wp\/v2\/tags?post=640651"}],"curies":[{"name":"wp","href":"https:\/\/api.w.org\/{rel}","templated":true}]}}