{"id":640673,"date":"2026-08-20T06:01:14","date_gmt":"2026-08-20T06:01:14","guid":{"rendered":"https:\/\/www.europesays.com\/it\/640673\/"},"modified":"2026-08-20T06:01:14","modified_gmt":"2026-08-20T06:01:14","slug":"ciclisti-pregiudizi-la-proprieta-transitiva-della-colpa","status":"publish","type":"post","link":"https:\/\/www.europesays.com\/it\/640673\/","title":{"rendered":"Ciclisti, pregiudizi: la propriet\u00e0 transitiva della colpa"},"content":{"rendered":"<p>Gentile Redazione, alcune settimane fa mi \u00e8 capitata la spiacevole situazione di essere insultato per colpa di un idiota. Ero su una strada statale con la mia bici gravel e avevo quasi ripreso l\u2019idiota con la bici da corsa, quando arriviamo ad un passaggio pedonale, le macchine si fermano per fare attraversare una signora con il passeggino. Io mi fermo, l\u2019altro non si ferma, ma siccome il passeggino era quasi arrivato al marciapiede l\u2019 altro \u00e8 salito sul marciapiede per aggirarlo rischiando di urtarlo. Io che ero fermo a vedere la scena vengo insultato dagli automobilisti e dalla signora perch\u00e9 ero su due ruote, stessa categoria \u201cciclista\u201d. Dopo circa un chilometro semaforo rosso, chiaramente l\u2019 idiota \u00e8 passato lo stesso.<\/p>\n<p>Ora penso di non fare parte della stessa categoria, io sono un Ciclista l\u2019 altro \u00e8 un Idiota, cosa ne pensate?<\/p>\n<p>Anonimo<\/p>\n<p>Ha definito bene l\u2019altro ciclista, inutile dire di pi\u00f9. Invece \u00e8 molto significativa questa propriet\u00e0 transitiva \u00a0attribuita ai ciclisti. Pensate se facessimo la stessa cosa con gli automobilisti.<\/p>\n","protected":false},"excerpt":{"rendered":"Gentile Redazione, alcune settimane fa mi \u00e8 capitata la spiacevole situazione di essere insultato per colpa di un&hellip;\n","protected":false},"author":3,"featured_media":640674,"comment_status":"","ping_status":"","sticky":false,"template":"","format":"standard","meta":{"footnotes":"","_share_on_mastodon":"0"},"categories":[1456],"tags":[1824,14660,1825,208510,1537,90,89,863,245,244],"class_list":["post-640673","post","type-post","status-publish","format-standard","has-post-thumbnail","category-ciclismo","tag-ciclismo","tag-codice-della-strada","tag-cycling","tag-educazione-stradale","tag-it","tag-italia","tag-italy","tag-sicurezza","tag-sport","tag-sports"],"share_on_mastodon":{"url":"https:\/\/pubeurope.com\/@it\/117126318375674474","error":""},"_links":{"self":[{"href":"https:\/\/www.europesays.com\/it\/wp-json\/wp\/v2\/posts\/640673","targetHints":{"allow":["GET"]}}],"collection":[{"href":"https:\/\/www.europesays.com\/it\/wp-json\/wp\/v2\/posts"}],"about":[{"href":"https:\/\/www.europesays.com\/it\/wp-json\/wp\/v2\/types\/post"}],"author":[{"embeddable":true,"href":"https:\/\/www.europesays.com\/it\/wp-json\/wp\/v2\/users\/3"}],"replies":[{"embeddable":true,"href":"https:\/\/www.europesays.com\/it\/wp-json\/wp\/v2\/comments?post=640673"}],"version-history":[{"count":0,"href":"https:\/\/www.europesays.com\/it\/wp-json\/wp\/v2\/posts\/640673\/revisions"}],"wp:featuredmedia":[{"embeddable":true,"href":"https:\/\/www.europesays.com\/it\/wp-json\/wp\/v2\/media\/640674"}],"wp:attachment":[{"href":"https:\/\/www.europesays.com\/it\/wp-json\/wp\/v2\/media?parent=640673"}],"wp:term":[{"taxonomy":"category","embeddable":true,"href":"https:\/\/www.europesays.com\/it\/wp-json\/wp\/v2\/categories?post=640673"},{"taxonomy":"post_tag","embeddable":true,"href":"https:\/\/www.europesays.com\/it\/wp-json\/wp\/v2\/tags?post=640673"}],"curies":[{"name":"wp","href":"https:\/\/api.w.org\/{rel}","templated":true}]}}