{"id":641043,"date":"2026-08-20T11:26:10","date_gmt":"2026-08-20T11:26:10","guid":{"rendered":"https:\/\/www.europesays.com\/it\/641043\/"},"modified":"2026-08-20T11:26:10","modified_gmt":"2026-08-20T11:26:10","slug":"torna-il-giro-di-campania-grazie-a-tutti-meno-che-a-pella","status":"publish","type":"post","link":"https:\/\/www.europesays.com\/it\/641043\/","title":{"rendered":"TORNA IL GIRO DI CAMPANIA, GRAZIE A TUTTI, MENO CHE A PELLA"},"content":{"rendered":"<p>            <a class=\"category\" href=\"https:\/\/www.tuttobiciweb.it\/articles\/category\/APPROFONDIMENTI\" itemprop=\"about\" rel=\"nofollow noopener\" target=\"_blank\">APPROFONDIMENTI<\/a> | 20\/08\/2026 | 12:05<br \/>\n            <a class=\"author\" href=\"https:\/\/www.tuttobiciweb.it\/articles\/author\/Pier%20Augusto%20Stagi\" rel=\"nofollow noopener\" target=\"_blank\">di Pier Augusto Stagi<\/a><\/p>\n<p><strong>\u00c8 stato commissariato, <a href=\"https:\/\/www.tuttobiciweb.it\/article\/2026\/08\/20\/1787212002\/giro-di-campania-2026-terenzi-sport-eventi-caserta-napoli-zabatta\" rel=\"nofollow noopener\" target=\"_blank\">ma anche cancellato dai comunicati,<\/a> ma non dalla memoria<\/strong>. Torna il Giro della Campania, grazie chiaramente al \u00abPresidente della regione Roberto Fico, dell&#8217;assessora allo Sport Fiorella Zabatta e del Sindaco di Napoli Gaetano Manfredi, col supporto del comitato regionale della Federciclismo presieduto da Umberto Perna; con l&#8217;ingresso nel calendario UCI (categoria 1.1) e nella prestigiosa Coppa Italia delle Regioni, <strong>a cura della Lega Ciclismo Professionistico; con l&#8217;organizzazione affidata alla societ\u00e0 Terenzi Sport Eventi<\/strong>, che nel 2021 ha fatto rinascere nella capitale lo storico Gran Premio della Liberazione e quest&#8217;anno dar\u00e0 vita al Gran Premio del Lazio il 19 settembre e al Giro di Campania domenica 20\u00bb, si legge nella nota.\n            <\/p>\n<p><strong>Tutto bene, tutto giusto: evviva!<\/strong> Torna una corsa, una grande corsa carica di storia e di tradizione, per\u00f2 non avrebbe guastato ricordare anche grazie a chi, a quell\u2019onorevole Roberto Pella che tutto questo ha reso possibile. Chiaro \u00e8 stato commissariato, non \u00e8 pi\u00f9 presidente della Lega, in attesa di sentenze, sviluppi, prese di posizione, ma questo non \u00e8 il tema. Quello che colpisce \u00e8 il profondo iato tra il primo e il dopo, tra un\u2019azione e una ripartenza. Con un colpo di spugna via tutto. Non ci sarebbe stato niente di male che <strong>qualcuno dicesse o ricordasse che tutto questo \u00e8 stato possibile grazie all\u2019interessamento dell\u2019ex presidente di Lega Roberto Pella<\/strong>. Un atto di giustizia, in attesa della giustizia.\n            <\/p>\n<p><\/p>\n<p>Copyright &amp;copy TBW<\/p>\n","protected":false},"excerpt":{"rendered":"APPROFONDIMENTI | 20\/08\/2026 | 12:05 di Pier Augusto Stagi \u00c8 stato commissariato, ma anche cancellato dai comunicati, ma&hellip;\n","protected":false},"author":3,"featured_media":641044,"comment_status":"","ping_status":"","sticky":false,"template":"","format":"standard","meta":{"footnotes":"","_share_on_mastodon":"0"},"categories":[1456],"tags":[1824,2275,1825,18729,354122,1537,90,89,277395,118565,245,244,237840],"class_list":["post-641043","post","type-post","status-publish","format-standard","has-post-thumbnail","category-ciclismo","tag-ciclismo","tag-comunicato","tag-cycling","tag-dimenticato","tag-giro-di-campania","tag-it","tag-italia","tag-italy","tag-lega-del-ciclismo-professionistico","tag-roberto-pella","tag-sport","tag-sports","tag-terenzi"],"share_on_mastodon":{"url":"https:\/\/pubeurope.com\/@it\/117127596039365437","error":""},"_links":{"self":[{"href":"https:\/\/www.europesays.com\/it\/wp-json\/wp\/v2\/posts\/641043","targetHints":{"allow":["GET"]}}],"collection":[{"href":"https:\/\/www.europesays.com\/it\/wp-json\/wp\/v2\/posts"}],"about":[{"href":"https:\/\/www.europesays.com\/it\/wp-json\/wp\/v2\/types\/post"}],"author":[{"embeddable":true,"href":"https:\/\/www.europesays.com\/it\/wp-json\/wp\/v2\/users\/3"}],"replies":[{"embeddable":true,"href":"https:\/\/www.europesays.com\/it\/wp-json\/wp\/v2\/comments?post=641043"}],"version-history":[{"count":0,"href":"https:\/\/www.europesays.com\/it\/wp-json\/wp\/v2\/posts\/641043\/revisions"}],"wp:featuredmedia":[{"embeddable":true,"href":"https:\/\/www.europesays.com\/it\/wp-json\/wp\/v2\/media\/641044"}],"wp:attachment":[{"href":"https:\/\/www.europesays.com\/it\/wp-json\/wp\/v2\/media?parent=641043"}],"wp:term":[{"taxonomy":"category","embeddable":true,"href":"https:\/\/www.europesays.com\/it\/wp-json\/wp\/v2\/categories?post=641043"},{"taxonomy":"post_tag","embeddable":true,"href":"https:\/\/www.europesays.com\/it\/wp-json\/wp\/v2\/tags?post=641043"}],"curies":[{"name":"wp","href":"https:\/\/api.w.org\/{rel}","templated":true}]}}