{"id":641117,"date":"2026-08-20T12:30:13","date_gmt":"2026-08-20T12:30:13","guid":{"rendered":"https:\/\/www.europesays.com\/it\/641117\/"},"modified":"2026-08-20T12:30:13","modified_gmt":"2026-08-20T12:30:13","slug":"spezie-e-bugie-la-piccola-cucina-di-mehdi-film-2025","status":"publish","type":"post","link":"https:\/\/www.europesays.com\/it\/641117\/","title":{"rendered":"Spezie e bugie &#8211; La piccola cucina di Mehdi &#8211; Film (2025)"},"content":{"rendered":"<p>                                <a title=\"Locandina Spezie e bugie - La piccola cucina di Mehdi\" alt=\"Locandina Spezie e bugie - La piccola cucina di Mehdi\" href=\"https:\/\/www.mymovies.it\/film\/2025\/spezie-e-bugie-la-piccola-cucina-di-mehdi\/poster\/\" rel=\"nofollow noopener\" target=\"_blank\"><br \/>\n                                    <img decoding=\"async\" class=\"stonda3\" style=\"max-width:100%; height:auto;\" src=\"https:\/\/www.europesays.com\/it\/wp-content\/uploads\/2026\/08\/locandina.jpg\" \/><br \/>\n                                <\/a><\/p>\n<p>                                    <strong>Recensione<\/strong> di<br \/>\n                                Paola Casella<br \/>\n                                <br \/>\n                            gioved\u00ec 20 agosto 2026<\/p>\n<p>\n                                \ue838\ue838\ue839\ue83a\ue83a\n                            <\/p>\n<p class=\"corpo\">\n                                    Mehdi \u00e8 un giovane cuoco algerino che sta per rilevare la propriet\u00e0 di un bistrot a Lione, dove la sua famiglia si \u00e8 trasferita prima che il padre morisse. La sua partner nell&#8217;acquisto del locale \u00e8 L\u00e9a, che \u00e8 anche la sua ragazza francese. Ma Mehdi non ha mai parlato dell&#8217;esistenza della ragazza alla madre Fatima, che vorrebbe che sposasse un&#8217;algerina e ha anche gi\u00e0 pronta la candidata ideale. Non guasta, dal punto di vista del timido Mehdi, che Fatima abbia dichiarato di voler tornare nel suo Paese natale, dunque anche se L\u00e9a ha presentato da tempo il fidanzato ai suoi genitori, co-finanziatori del progetto di ristorazione, il ragazzo pensa di potersela cavare nel tenere lontane madre e fidanzata. <\/p>\n<p>Ma quando L\u00e9a insiste per incontrare Fatima, Mehdi ingaggia la proprietaria di un bar, Souhila, affinch\u00e9 finga di essere sua madre. Ma Souhila \u00e8 uno spirito libero che comincia a prendere iniziative impreviste dalle conseguenze pericolose, e Mehdi si trover\u00e0 travolto dalle sue stesse bugie.\n                                <\/p>\n<p class=\"corpo citazione mm-blocco-news\" style=\"display: table;\">\n                                        &#13;<br \/>\nSpezie e bugie &#8211; La cucina di Mehdi cavalca il filone spesso esplorato dal cinema internazionale del contrasto fra immigrati che vogliono rimanere ancorati alle loro tradizioni e i loro figli che cercano invece di inserirsi nella societ\u00e0 che li ospita.\n                                    <\/p>\n<p class=\"corpo\">\n                                        &#13;<br \/>\nL&#8217;esordio alla regia dell&#8217;attore e commediografo francese di origine magrebina Amine Adjina (che qui si ritaglia il cammeo di un medico incapace di farsi i fatti suoi) introduce un elemento di novit\u00e0, che \u00e8 l&#8217;ostinazione passiva di Mehdi, intento a condurre due vite parallele e a non farle convergere mai, che rappresenta in realt\u00e0 una scissione interna molto profonda. <\/p>\n<p>Questa scissione impedisce al ragazzo di sviluppare un&#8217;identit\u00e0 terza, cio\u00e8 quella propria, perch\u00e9 in ognuno dei suoi due mondi obbedisce a regole altrui, tra l&#8217;altro impartite dalle numerose donne della sua vita di cui si sente personalmente responsabile. Oltre a Fatima e L\u00e9a, Mehdi subisce infatti l&#8217;influenza di Souhila, che con lui si comporta come una seconda madre, e di tre sorelle che deludono senza troppi problemi le aspettative di Fatima: una rimane incinta dopo una relazione occasionale, un&#8217;altra sta per divorziare e la terza non ha fatto circoncidere il figlio, come da tradizione famigliare e religiosa. <\/p>\n<p>Sullo sfondo dell&#8217;intera vicenda, pronta a emergere in primo piano grazie ai close up dei visi goduriosi di chi assaggia le prelibatezze di Mehdi, \u00e8 la cucina, che il ragazzo ha adeguato alle aspettative dell&#8217;alta borghesia francese, creando un bistrot francese in piena regola, sacrificando per\u00f2 completamente le proprie radici etniche. Mehdi cucina una magnifica bisque di astice, con la quale solletica il nostro appetito di spettatori fin dalla sequenza iniziale, ma non sa preparare il cous cous che, come gli ricorda Souhila, \u00e8 alla base della cultura magrebina. La sua \u00e8 una cucina senza memoria, e questo \u00e8 il suo tallone d&#8217;Achille. <\/p>\n<p>La sceneggiatura di Adjina ha una grande falla, ed \u00e8 la radice della trama: poich\u00e9 Mehdi ama L\u00e9a e vuole avere una storia duratura con lei, frequenta i futuri suoceri e concorda con loro l&#8217;acquisto del ristorante, come pu\u00f2 pensare che la sostituzione di Fatima con Souhila, possa durare nel tempo? Se anche Fatima tornasse in Algeria, davvero lei e L\u00e9a non si rivedrebbero mai pi\u00f9?\n                                    <\/p>\n<p class=\"corpo blocco3\">\n                                        &#8220;Da noi la bugia \u00e8 sopravvivenza&#8221;, dir\u00e0 Souhila a Mehdi, ricordandogli la necessit\u00e0 di mentire legata a reali necessit\u00e0, mentre non si capisce perch\u00e9 Mehdi non possa presentare L\u00e9a a Fatima, visto che le sorelle prima o poi le raccontano i loro sotterfugi e non vengono per questo ostracizzate. Certo, lui \u00e8 il figlio maschio su cui Fatima ha sempre fatto conto come pilastro della famiglia (e sostituto virtuale del marito defunto) ma \u00e8 davvero eccessivamente ingenuo e infantile il sotterfugio con cui Mehdi pensa di sottrarsi alla rivelazione della verit\u00e0.<\/p>\n<p>Il ritratto di Fatima come lamentosa e ricattatoria, grazie anche all&#8217;interpretazione dell&#8217;ottima Malika Zerrouki, funziona meglio di quello di Mehdi come imbelle e terminalmente passivo, ma \u00e8 l&#8217;interpretazione della grande attrice palestinese Hiam Abbass a rubare la scena nei panni di Souhila, cos\u00ec come \u00e8 una gioia vederla divertirsi a fare la danza del ventre e a comportarsi da svitata, lei di solito cos\u00ec grave e composta. Ma la sceneggiatura zoppica spesso, ad esempio sottoscrivendo il ruolo del proprietario francese del ristorante che sembra avere un debole per la vulcanica Souhila, o delle sorelle che appaiono e scompaiono come meri espedienti narrativi.<\/p>\n<p>Spezie e bugie \u00e8 una favola gradevole che offre spunti interessanti sul tema dell&#8217;emigrazione e dell&#8217;inserimento sociale di tradizioni cultuali diverse, ma cade spesso nei clich\u00e9 del genere, chiede un&#8217;eccessiva sospensione di credibilit\u00e0 nella premessa narrativa, e sconta una certa imprecisione nelle dinamiche relazionali fra i personaggi in scena.<br \/>\n                                        <a target=\"_blank\" href=\"http:\/\/www.mymovies.it\/pdf\/?recensione=1741633\" rel=\"nofollow noopener\">\ue415<\/a><\/p>\n<p>        Sei d&#8217;accordo con <strong>Paola Casella?<\/strong><\/p>\n<p>            Scrivi a Paola Casella<\/p>\n<p>                    Il tuo commento \u00e8 stato registrato.<br \/><strong>Convalida adesso il tuo inserimento.<\/strong><br \/>Ti abbiamo appena inviato un messaggio al tuo indirizzo di posta elettronica. Accedi alla tua posta e fai click sul link per convalidare.<br \/>\n                    <br \/><a href=\"https:\/\/www.mymovies.it\/film\/2025\/spezie-e-bugie-la-piccola-cucina-di-mehdi\/\" rel=\"nofollow noopener\" target=\"_blank\">Chiudi<\/a><\/p>\n<p>                    Il tuo commento <strong>\u00e8 stato registrato.<\/strong> Grazie.<br \/>\n                    <br \/><a href=\"https:\/\/www.mymovies.it\/film\/2025\/spezie-e-bugie-la-piccola-cucina-di-mehdi\/\" rel=\"nofollow noopener\" target=\"_blank\">Chiudi<\/a><\/p>\n","protected":false},"excerpt":{"rendered":"Recensione di Paola Casella gioved\u00ec 20 agosto 2026 \ue838\ue838\ue839\ue83a\ue83a Mehdi \u00e8 un giovane cuoco algerino che sta per&hellip;\n","protected":false},"author":3,"featured_media":641118,"comment_status":"","ping_status":"","sticky":false,"template":"","format":"standard","meta":{"footnotes":"","_share_on_mastodon":"0"},"categories":[1442],"tags":[354166,2389,5205,14335,2598,203,454,79645,60853,4300,204,1537,90,89,354165,33073,354167,1521,354164,47986],"class_list":["post-641117","post","type-post","status-publish","format-standard","has-post-thumbnail","category-film","tag-amine-adjina","tag-cast","tag-commedia","tag-critica","tag-durata","tag-entertainment","tag-film","tag-film-2025","tag-film-commedia","tag-francia","tag-intrattenimento","tag-it","tag-italia","tag-italy","tag-la-petite-cuisine-de-mehdi","tag-locandina","tag-lumiere-awards","tag-movies","tag-spezie-e-bugie-la-piccola-cucina-di-mehdi","tag-trailer"],"share_on_mastodon":{"url":"https:\/\/pubeurope.com\/@it\/117127848636067729","error":""},"_links":{"self":[{"href":"https:\/\/www.europesays.com\/it\/wp-json\/wp\/v2\/posts\/641117","targetHints":{"allow":["GET"]}}],"collection":[{"href":"https:\/\/www.europesays.com\/it\/wp-json\/wp\/v2\/posts"}],"about":[{"href":"https:\/\/www.europesays.com\/it\/wp-json\/wp\/v2\/types\/post"}],"author":[{"embeddable":true,"href":"https:\/\/www.europesays.com\/it\/wp-json\/wp\/v2\/users\/3"}],"replies":[{"embeddable":true,"href":"https:\/\/www.europesays.com\/it\/wp-json\/wp\/v2\/comments?post=641117"}],"version-history":[{"count":0,"href":"https:\/\/www.europesays.com\/it\/wp-json\/wp\/v2\/posts\/641117\/revisions"}],"wp:featuredmedia":[{"embeddable":true,"href":"https:\/\/www.europesays.com\/it\/wp-json\/wp\/v2\/media\/641118"}],"wp:attachment":[{"href":"https:\/\/www.europesays.com\/it\/wp-json\/wp\/v2\/media?parent=641117"}],"wp:term":[{"taxonomy":"category","embeddable":true,"href":"https:\/\/www.europesays.com\/it\/wp-json\/wp\/v2\/categories?post=641117"},{"taxonomy":"post_tag","embeddable":true,"href":"https:\/\/www.europesays.com\/it\/wp-json\/wp\/v2\/tags?post=641117"}],"curies":[{"name":"wp","href":"https:\/\/api.w.org\/{rel}","templated":true}]}}