{"id":641172,"date":"2026-08-20T13:14:18","date_gmt":"2026-08-20T13:14:18","guid":{"rendered":"https:\/\/www.europesays.com\/it\/641172\/"},"modified":"2026-08-20T13:14:18","modified_gmt":"2026-08-20T13:14:18","slug":"uae-emirates-xrg-stella-promosso-dal-team-gen-z-ha-firmato-un-triennale","status":"publish","type":"post","link":"https:\/\/www.europesays.com\/it\/641172\/","title":{"rendered":"UAE EMIRATES XRG. STELLA PROMOSSO DAL TEAM GEN Z, HA FIRMATO UN TRIENNALE"},"content":{"rendered":"<p>            <a class=\"category\" href=\"https:\/\/www.tuttobiciweb.it\/articles\/category\/MERCATO\" itemprop=\"about\" rel=\"nofollow noopener\" target=\"_blank\">MERCATO<\/a> | 20\/08\/2026 | 10:07<\/p>\n<p>Per il terzo giorno consecutivo <strong>la UAE Team Emirates-XRG propone l&#8217;annuncio di un nuovo corridore<\/strong> per le prossime stagioni: dopo Marco Frigo e Abel Balddstone, oggi \u00e8 la volta di<strong> Davide Stella, proveniente dalla squadra di sviluppo Gen Z dell&#8217;UAE Team Emirates<\/strong>, che entrer\u00e0 a far parte del team WorldTour a partire dall&#8217;inizio del 2027. Il giovane italiano ha firmato<strong> un contratto triennale<\/strong>.\n            <\/p>\n<p>L&#8217;ingaggio di Stella rappresenta <strong>un altro importante successo per il percorso di sviluppo Gen Z del team<\/strong>, che mira a fornire ai corridori pi\u00f9 promettenti l&#8217;ambiente e l&#8217;esperienza necessari per la transizione verso il massimo livello del ciclismo professionistico.\n            <\/p>\n<p><strong>Stella ha dimostrato il suo potenziale sia su strada che su pista<\/strong> durante la sua giovane carriera: conosciuto per le sue ottime doti di velocista, o\u00f2l friulano ha avuto un inizio di stagione difficile a causa di una brutta caduta subita all&#8217;AlUla Tour in Arabia Saudita. Dopo un lungo periodo di riabilitazione, \u00e8 riuscito a tornare alle corse con successo, arrivando alla <strong>vittoria di una tappa al Volta Portugal Futuro a maggio.<\/strong> E da oggi sar\u00e0 protagonista proprio con il suo team sulle strade del <strong>Tour de l&#8217;Avenir<\/strong>.<\/p>\n<p>Da quando \u00e8 entrato a far parte del team Gen Z, Stella ha continuato a compiere importanti passi avanti, acquisendo preziosa esperienza e gareggiando a supporto del WorldTeam. La sua crescita gli ha ora permesso di approdare a tempo pieno nel WorldTour.<\/p>\n<p>Davide Stella commenta: \u00ab<strong>Questo passaggio significa moltissimo per me. \u00c8 un sogno che coltivo fin da bambino<\/strong> e realizzarlo ora mi d\u00e0 la possibilit\u00e0 di fissare nuovi obiettivi e inseguire sogni ancora pi\u00f9 grandi con la squadra. Passare dal team Gen Z al WorldTour \u00e8 sempre stata la mia ambizione e credo che il tempo trascorso l\u00ec mi abbia offerto un ottimo percorso per fare il passo successivo nella mia carriera. \u00c8 stata una stagione difficile, ma ho lavorato duramente per cambiare le cose e sono molto grato a tutte le persone fantastiche che mi circondano e alla squadra per aver reso tutto questo possibile\u00bb.<\/p>\n<p><strong>Mauro Gianetti (Team Principal &amp; CEO)<\/strong>: \u00abDavide \u00e8 un corridore che abbiamo seguito da vicino durante il nostro programma Gen Z e siamo soddisfatti dei progressi che ha dimostrato. <strong>\u00c8 ancora molto giovane, quindi la priorit\u00e0 sar\u00e0 dargli il tempo e lo spazio per continuare a crescere<\/strong>, sia come corridore che come persona. La sua promozione \u00e8 un altro esempio di ci\u00f2 che vogliamo realizzare con il progetto Gen Z: <strong>offrire ai giovani corridori di talento un percorso chiaro verso la squadra WorldTour<\/strong>\u00bb.<\/p>\n<p>Questa mossa conferma l&#8217;impegno a lungo termine dell&#8217;UAE Team Emirates-XRG nello sviluppo dei giovani talenti, con <strong>Stella che segue il percorso dalla squadra Gen Z al professionismo, sulle orme di Pablo Torres, Adri\u00e0 Pericas e Luca Giaimi.<\/strong><\/p>\n<p>\n    <a href=\"https:\/\/www.tuttobiciweb.it\/article\/2026\/08\/20\/1787213267\/cycling-uae-team-emirates-emerging-talents-worldtour-davide-stella?lang=en\" rel=\"nofollow noopener\" target=\"_blank\"><img decoding=\"async\" src=\"https:\/\/www.europesays.com\/it\/wp-content\/uploads\/2025\/12\/enver.png\"\/><\/a><\/p>\n<p>Copyright &amp;copy TBW<\/p>\n","protected":false},"excerpt":{"rendered":"MERCATO | 20\/08\/2026 | 10:07 Per il terzo giorno consecutivo la UAE Team Emirates-XRG propone l&#8217;annuncio di un&hellip;\n","protected":false},"author":3,"featured_media":641173,"comment_status":"","ping_status":"","sticky":false,"template":"","format":"standard","meta":{"footnotes":"","_share_on_mastodon":"0"},"categories":[1456],"tags":[1824,1825,117176,1537,90,89,245,244,35266,36363,23594],"class_list":["post-641172","post","type-post","status-publish","format-standard","has-post-thumbnail","category-ciclismo","tag-ciclismo","tag-cycling","tag-davide-stella","tag-it","tag-italia","tag-italy","tag-sport","tag-sports","tag-talenti-emergenti","tag-uae-team-emirates","tag-worldtour"],"share_on_mastodon":{"url":"https:\/\/pubeurope.com\/@it\/117128021586381218","error":""},"_links":{"self":[{"href":"https:\/\/www.europesays.com\/it\/wp-json\/wp\/v2\/posts\/641172","targetHints":{"allow":["GET"]}}],"collection":[{"href":"https:\/\/www.europesays.com\/it\/wp-json\/wp\/v2\/posts"}],"about":[{"href":"https:\/\/www.europesays.com\/it\/wp-json\/wp\/v2\/types\/post"}],"author":[{"embeddable":true,"href":"https:\/\/www.europesays.com\/it\/wp-json\/wp\/v2\/users\/3"}],"replies":[{"embeddable":true,"href":"https:\/\/www.europesays.com\/it\/wp-json\/wp\/v2\/comments?post=641172"}],"version-history":[{"count":0,"href":"https:\/\/www.europesays.com\/it\/wp-json\/wp\/v2\/posts\/641172\/revisions"}],"wp:featuredmedia":[{"embeddable":true,"href":"https:\/\/www.europesays.com\/it\/wp-json\/wp\/v2\/media\/641173"}],"wp:attachment":[{"href":"https:\/\/www.europesays.com\/it\/wp-json\/wp\/v2\/media?parent=641172"}],"wp:term":[{"taxonomy":"category","embeddable":true,"href":"https:\/\/www.europesays.com\/it\/wp-json\/wp\/v2\/categories?post=641172"},{"taxonomy":"post_tag","embeddable":true,"href":"https:\/\/www.europesays.com\/it\/wp-json\/wp\/v2\/tags?post=641172"}],"curies":[{"name":"wp","href":"https:\/\/api.w.org\/{rel}","templated":true}]}}