{"id":641252,"date":"2026-08-20T14:18:16","date_gmt":"2026-08-20T14:18:16","guid":{"rendered":"https:\/\/www.europesays.com\/it\/641252\/"},"modified":"2026-08-20T14:18:16","modified_gmt":"2026-08-20T14:18:16","slug":"sadie-sink-racconta-come-ha-ottenuto-il-ruolo-di-jean-grey-in-spider-man-brand-new-day-i-sky-tg24","status":"publish","type":"post","link":"https:\/\/www.europesays.com\/it\/641252\/","title":{"rendered":"Sadie Sink racconta come ha ottenuto il ruolo di Jean Grey in Spider-Man Brand New Day I Sky TG24"},"content":{"rendered":"<p>Per anni il nome di Sadie Sink, l&#8217;attrice statunitense nota soprattutto per il ruolo di Maxine &#8220;Max&#8221; Mayfield nella serie televisiva su Netflix Stranger Things &#8211; era stato accostato online al personaggio di Jean Grey, senza che nulla di concreto confermasse quelle indiscrezioni.<\/p>\n<p>\u00a0<\/p>\n<p>Quando la parte \u00e8 arrivata davvero (nel film <a data-intcmp=\"skytg24_foglia articolo_interlink_text\" href=\"https:\/\/tg24.sky.it\/spettacolo\/cinema\/2026\/07\/29\/spider-man-brand-new-day-recensione\" target=\"_self\" rel=\"nofollow noopener\">Spider-Man: Brand New Day<\/a>), l&#8217;attrice si \u00e8 trovata di fronte a una sorpresa non da poco: pur essendo diventata, suo malgrado, il volto associato dai fan a quel ruolo, non aveva mai visto una pellicola della saga degli X-Men n\u00e9 approfondito la storia del personaggio. \u00c8 stato solo l&#8217;incontro diretto con i vertici Marvel a trasformare una voce di corridoio in un progetto reale, aprendo per lei un universo narrativo fino a quel momento sconosciuto.<\/p>\n<p>\t\t \tDalle voci di corridoio all&#8217;incontro con Marvel<\/p>\n<p>Sink ha spiegato che il proprio nome circolava da tempo in rete come possibile interprete di Jean Grey, ma che questa fama anticipata non corrispondeva ad alcuna reale familiarit\u00e0 con il personaggio: &#8220;Onestamente, non sapevo nulla di lei. La gente aveva iniziato a diffondere voci su di me nel ruolo di quel personaggio &#8211; per anni, era una cosa che circolava online &#8211; quindi quello era tutto ci\u00f2 che sapevo di lei. Ma non avevo mai visto X-Men, quindi non mi era familiare&#8221;. <\/p>\n<p>\u00a0<\/p>\n<p>\u00c8 stato l&#8217;intervento diretto di Kevin Feige e Louis D&#8217;Esposito a cambiare le carte in tavola: i due dirigenti l&#8217;hanno contattata per presentarle il progetto e collocare il ruolo all&#8217;interno della trama di Spider-Man: Brand New Day. L&#8217;attrice ha ricordato cos\u00ec quel momento: &#8220;Poi Kevin e Louis della Marvel mi hanno chiamata, hanno organizzato un incontro e mi hanno parlato del personaggio, del suo ruolo in Spider-Man. Poi ho fatto pi\u00f9 ricerche su di lei e ho pensato: &#8216;Oh s\u00ec, questa \u00e8 una scelta ovvia!&#8217; \u00c8 una figura iconica negli X-Men e nei fumetti, e sono molto entusiasta di portare la mia interpretazione alla vita&#8221;.<\/p>\n<p>\t\t\t<a class=\"c-inline-card j-inline-card c-inline-card--with-image\" href=\"https:\/\/tg24.sky.it\/spettacolo\/cinema\/2026\/08\/10\/spider-man-incasso-brand-new-day-supera-no-way-home\" rel=\"follow nofollow noopener\" data-intcmp=\"skytg24_articolo_approfondimenti_inline\" target=\"_blank\"><\/p>\n<p>\t\t\t         <img decoding=\"async\" crossorigin=\"anonymous\" alt=\"\"  loading=\"lazy\"  src=\"https:\/\/www.europesays.com\/it\/wp-content\/uploads\/2026\/08\/1787235495_266_Webphoto_Spider-Man__Brand_N_077011_19.jpg\"\/><\/p>\n<p>\n\t\t\t         Approfondimento<br \/>\n\t\t\t         Brand New Day \u00e8 il film di Spider-Man con maggiore incasso in Italia\n\t\t\t      <\/p>\n<p>\t\t\t<\/a><\/p>\n<p>\t\t \tIl sostegno di famiglia e colleghi nel momento della scelta<\/p>\n<p>Ottenuto il ruolo, l&#8217;attrice ha deciso di condividere la notizia con una cerchia ristretta ma non piccolissima di persone fidate, tra cui i familiari e Matt e Ross Duffer, i creatori di Stranger Things con cui Sink lavora da anni e a cui deve buona parte della propria notoriet\u00e0. <\/p>\n<p>\u00a0<\/p>\n<p>Proprio i due registi sono stati tra i primi a essere informati, e la loro reazione \u00e8 stata di entusiasmo immediato: &#8220;Hanno detto semplicemente: &#8216;\u00c8 il miglior personaggio. Devi farlo!&#8217; e tipo: &#8216;\u00c8 perfetto. Sarai incredibile&#8217;, e cos\u00ec via. Pensavano fosse la scelta giusta per me, e mi fido della loro opinione perch\u00e9 amano i fumetti e sono molto esperti di questi personaggi, quindi \u00e8 stato bello avere il loro input&#8221;. Un endorsement che, nelle parole di Sink, ha pesato parecchio nel consolidare la fiducia nella scelta fatta.<\/p>\n<p>Una figura complessa, non riducibile al ruolo di antagonista<\/p>\n<p>Nel delineare la propria interpretazione, Sink ha insistito sulla necessit\u00e0 di dare a Jean Grey un passato credibile, richiamando anche la figura della sorella Sara come elemento chiave per comprenderne le motivazioni all&#8217;interno di Spider-Man: Brand New Day. L&#8217;attrice ha descritto un personaggio segnato da esperienze dolorose che condizionano ogni sua scelta nel presente, rifiutando per\u00f2 l&#8217;etichetta semplicistica di villain: &#8220;Mi hanno detto che ero la villain, ma che in realt\u00e0 non lo sei, ed \u00e8 cos\u00ec che l&#8217;ho interpretata. Non voglio davvero entrare in questa aura da cattiva. Perch\u00e9 nella sua testa \u00e8 tutto totalmente giustificato. Cosa con cui, tra l&#8217;altro, sono d&#8217;accordo. Penso che lo sia&#8221;.<\/p>\n<p>Un percorso destinato a proseguire nel franchise mutante<\/p>\n<p>Il debutto in Spider-Man: Brand New Day non rappresenta un episodio isolato per Sadie Sink: la stessa Jean Grey torner\u00e0 infatti nel prossimo reboot dedicato agli X-Men, segnando cos\u00ec l&#8217;ingresso stabile nel nuovo corso mutante del Marvel Cinematic Universe per l&#8217;attrice che il grande pubblico continua ad associare soprattutto a Stranger Things.<\/p>\n<p>\t\t\t<a class=\"c-inline-card j-inline-card c-inline-card--with-image\" href=\"https:\/\/tg24.sky.it\/spettacolo\/cinema\/2026\/08\/03\/sadie-sink-spiderman\" rel=\"follow nofollow noopener\" data-intcmp=\"skytg24_articolo_approfondimenti_inline\" target=\"_blank\"><\/p>\n<p>\t\t\t         <img decoding=\"async\" crossorigin=\"anonymous\" alt=\"\"  loading=\"lazy\"  src=\"https:\/\/www.europesays.com\/it\/wp-content\/uploads\/2026\/08\/sadie-sink-spider-man.jpg\"\/><\/p>\n<p>\n\t\t\t         Approfondimento<br \/>\n\t\t\t         Sadie Sink, da Stranger Things a Spider-Man: l\u2019ospite che cambia tutto\n\t\t\t      <\/p>\n<p>\t\t\t<\/a><\/p>\n","protected":false},"excerpt":{"rendered":"Per anni il nome di Sadie Sink, l&#8217;attrice statunitense nota soprattutto per il ruolo di Maxine &#8220;Max&#8221; Mayfield&hellip;\n","protected":false},"author":3,"featured_media":641253,"comment_status":"","ping_status":"","sticky":false,"template":"","format":"standard","meta":{"footnotes":"","_share_on_mastodon":"0"},"categories":[1442],"tags":[203,454,204,1537,90,89,1521,4886],"class_list":["post-641252","post","type-post","status-publish","format-standard","has-post-thumbnail","category-film","tag-entertainment","tag-film","tag-intrattenimento","tag-it","tag-italia","tag-italy","tag-movies","tag-spider-man"],"share_on_mastodon":{"url":"https:\/\/pubeurope.com\/@it\/117128273679405484","error":""},"_links":{"self":[{"href":"https:\/\/www.europesays.com\/it\/wp-json\/wp\/v2\/posts\/641252","targetHints":{"allow":["GET"]}}],"collection":[{"href":"https:\/\/www.europesays.com\/it\/wp-json\/wp\/v2\/posts"}],"about":[{"href":"https:\/\/www.europesays.com\/it\/wp-json\/wp\/v2\/types\/post"}],"author":[{"embeddable":true,"href":"https:\/\/www.europesays.com\/it\/wp-json\/wp\/v2\/users\/3"}],"replies":[{"embeddable":true,"href":"https:\/\/www.europesays.com\/it\/wp-json\/wp\/v2\/comments?post=641252"}],"version-history":[{"count":0,"href":"https:\/\/www.europesays.com\/it\/wp-json\/wp\/v2\/posts\/641252\/revisions"}],"wp:featuredmedia":[{"embeddable":true,"href":"https:\/\/www.europesays.com\/it\/wp-json\/wp\/v2\/media\/641253"}],"wp:attachment":[{"href":"https:\/\/www.europesays.com\/it\/wp-json\/wp\/v2\/media?parent=641252"}],"wp:term":[{"taxonomy":"category","embeddable":true,"href":"https:\/\/www.europesays.com\/it\/wp-json\/wp\/v2\/categories?post=641252"},{"taxonomy":"post_tag","embeddable":true,"href":"https:\/\/www.europesays.com\/it\/wp-json\/wp\/v2\/tags?post=641252"}],"curies":[{"name":"wp","href":"https:\/\/api.w.org\/{rel}","templated":true}]}}