{"id":641258,"date":"2026-08-20T14:21:15","date_gmt":"2026-08-20T14:21:15","guid":{"rendered":"https:\/\/www.europesays.com\/it\/641258\/"},"modified":"2026-08-20T14:21:15","modified_gmt":"2026-08-20T14:21:15","slug":"harry-e-meghan-tornano-a-londra-e-william-e-kate-middleton-non-sarebbero-affatto-felici-le-reazioni-della-famiglia-reale","status":"publish","type":"post","link":"https:\/\/www.europesays.com\/it\/641258\/","title":{"rendered":"Harry e Meghan tornano a Londra e William e Kate Middleton non sarebbero affatto felici: le reazioni della famiglia reale"},"content":{"rendered":"<p>Un colpo di scena non indifferente, anche per Buckingham Palace, almeno stando alle prime indiscrezioni che arrivano da Londra. Secondo quanto riporta il Daily Mail, il trasferimento dei duchi del Sussex non sarebbe stato oggetto di conversazione nel corso del viaggio della coppia nel <a href=\"https:\/\/www.vanityfair.it\/topic\/regno-unito\" isautogenerated=\"true\" rel=\"nofollow noopener\" target=\"_blank\">Regno Unito<\/a> insieme ai figli <strong>Archie,<\/strong> 7 anni, e <strong>Lilibet,<\/strong> 5, che lo scorso luglio hanno visto (di fatto) il nonno per la prima volta.<\/p>\n<p><strong>Carlo III sarebbe stato colto di sorpresa<\/strong>, <strong>informato della decisione del figlio e della nuora solo domenica 16 agosto.<\/strong> Insolito, a ben guardare, considerando un dettaglio non da poco: Harry e Meghan hanno <strong>gi\u00e0 iscritto i figli a scuola<\/strong>, quindi devono aver pensato a lungo a questa eventualit\u00e0 per valutare l&#8217;istituto giusto, anche per via del fatto che <strong>tra la fine di agosto e l&#8217;inizio di settembre nel Regno Unito ripartono le lezioni.<\/strong> Perch\u00e9 non informare il re di qualcosa che sicuramente era gi\u00e0 nell&#8217;aria? A Carlo III, s&#8217;intende, la cosa non dispiace affatto. \u00ab<strong>Accoglie con favore<\/strong> l&#8217;opportunit\u00e0 di vedere il figlio minore e la sua famiglia a titolo personale\u00bb, specifica il Daily Mail, anche se non ci sar\u00e0 \u00abalcun cambiamento\u00bb nel ruolo e nello status dei duchi del Sussex. <strong>Non esiste \u00abun&#8217;opzione a met\u00e0\u00bb,<\/strong> ha commentato un insider di Palazzo, nel senso che The Firm richiede un impegno a tempo pieno, non \u00e8 possibile tenere i piedi in due staffe, come non \u00e8 possibile lavorare part time, n\u00e9 tantomeno per capriccio. E dopo tutto quello che \u00e8 accaduto in passato, se i Sussex esprimessero il desiderio di tornare a lavorare attivamente per la famiglia di certo non sarebbe una cosa immediata.<\/p>\n<p>Harry e Meghan, almeno per il momento, rimarranno privati cittadini e membri non attivi della famiglia reale, in linea con i loro \u00ab<strong>desideri e accordi chiaramente espressi negli anni passati\u00bb.<\/strong> E mentre Carlo III avrebbe accolto positivamente la decisione del figlio, cosa anche abbastanza scontata, le attenzioni sono adesso tutte focalizzate su cosa ne pensino il <a href=\"https:\/\/www.vanityfair.it\/topic\/principe-william\" isautogenerated=\"true\" rel=\"nofollow noopener\" target=\"_blank\">principe William<\/a> e <a href=\"https:\/\/www.vanityfair.it\/topic\/kate-middleton\" isautogenerated=\"true\" rel=\"nofollow noopener\" target=\"_blank\">Kate Middleton<\/a>. Stando ad alcune indiscrezioni, <strong>i principi del Galles sarebbero rimasti \u00abspiazzati\u00bb<\/strong> dalla decisione, che ha colto tutti di sorpresa, esperti <a href=\"https:\/\/www.vanityfair.it\/topic\/reali\" isautogenerated=\"true\" rel=\"nofollow noopener\" target=\"_blank\">reali<\/a> in primis.<\/p>\n<p>\u00abTutto quello che riesco a pensare \u00e8: ci risiamo\u00bb, ha dichiarato in esclusiva a Us Weekly l&#8217;esperto reale Christopher Andersen. \u00abInnanzitutto, <strong>posso solo immaginare che William e Kate si stiano strappando i capelli.<\/strong> Hanno gi\u00e0 cos\u00ec tante cose a cui pensare, come cercare di consolidare la monarchia e proiettarla nel futuro; non hanno certo bisogno di dover gestire anche Harry e Meghan, che si trovano praticamente sulla loro porta di casa\u00bb.<\/p>\n<p>Al di l\u00e0 delle opinioni personali, in realt\u00e0, al momento non ci sono informazioni certe sulla reazione effettiva dei principi del Galles, ma \u00e8 certo che i rapporti tra Harry e William sono rimasti molto tesi dopo la Megxit e ancor di pi\u00f9 dopo le rivelazioni della coppia, dal contenuto scottante di Spare, il libro-memoir del fratello minore, alle interviste della cognata. <strong>Riusciranno i due fratelli a ricostruire un rapporto sano adesso che le distanze si azzereranno<\/strong>? Tra i due, per ora, <strong>\u00abnon ci sono contatti\u00bb,<\/strong> rivel\u00f2 lo scorso luglio una fonte a People, con freddezza specie da parte di William. <strong>\u00abPer William \u00e8 un duro colpo\u00bb,<\/strong> ha dichiarato l&#8217;esperto reale Tom Sykes a Page Six, certo che il ritorno a Londra di Harry creer\u00e0 \u00abun&#8217;enorme serie\u00bb di ulteriori \u00absfide\u00bb per il principe del Galles. \u00abCosa succeder\u00e0 se Carlo inviter\u00e0 Harry a unirsi alla famiglia reale per Natale? Cosa succeder\u00e0 se Harry vorr\u00e0 partecipare alle celebrazioni del Remembrance Day?\u00bb, si \u00e8 chiesto l&#8217;esperto, certo che \u00e8 \u00abimpossible\u00bb che <a href=\"https:\/\/www.vanityfair.it\/topic\/re-carlo\" isautogenerated=\"true\" rel=\"nofollow noopener\" target=\"_blank\">re Carlo<\/a> III \u00abnon sapesse\u00bb di questa decisione.<\/p>\n<p>Perch\u00e9 proprio adesso e perch\u00e9 cosi apparentemente in fretta, verrebbe da chiedersi Che le condizioni di salute del re siano pi\u00f9 gravi di quanto Buckingham Palace dichiara, tanto da spingere Harry a voler essere pi\u00f9 vicino al padre? O gli affari dei Sussex sono andati talmente male negli Stati Uniti che l&#8217;unica chance \u00e8 stata quella di rientrare a Londra per tentare di riassumere un ruolo in famiglia? Troppe le ipotesi al momento. Nessuna con una risposta valida.<\/p>\n","protected":false},"excerpt":{"rendered":"Un colpo di scena non indifferente, anche per Buckingham Palace, almeno stando alle prime indiscrezioni che arrivano da&hellip;\n","protected":false},"author":3,"featured_media":641259,"comment_status":"","ping_status":"","sticky":false,"template":"","format":"standard","meta":{"footnotes":"","_share_on_mastodon":"0"},"categories":[174],"tags":[203,2799,19742,204,1537,90,89,14165,10233,1447],"class_list":["post-641258","post","type-post","status-publish","format-standard","has-post-thumbnail","category-intrattenimento","tag-entertainment","tag-gossip","tag-harry-dinghilterra","tag-intrattenimento","tag-it","tag-italia","tag-italy","tag-meghan-markle","tag-re-carlo","tag-reali"],"share_on_mastodon":{"url":"https:\/\/pubeurope.com\/@it\/117128284707738825","error":""},"_links":{"self":[{"href":"https:\/\/www.europesays.com\/it\/wp-json\/wp\/v2\/posts\/641258","targetHints":{"allow":["GET"]}}],"collection":[{"href":"https:\/\/www.europesays.com\/it\/wp-json\/wp\/v2\/posts"}],"about":[{"href":"https:\/\/www.europesays.com\/it\/wp-json\/wp\/v2\/types\/post"}],"author":[{"embeddable":true,"href":"https:\/\/www.europesays.com\/it\/wp-json\/wp\/v2\/users\/3"}],"replies":[{"embeddable":true,"href":"https:\/\/www.europesays.com\/it\/wp-json\/wp\/v2\/comments?post=641258"}],"version-history":[{"count":0,"href":"https:\/\/www.europesays.com\/it\/wp-json\/wp\/v2\/posts\/641258\/revisions"}],"wp:featuredmedia":[{"embeddable":true,"href":"https:\/\/www.europesays.com\/it\/wp-json\/wp\/v2\/media\/641259"}],"wp:attachment":[{"href":"https:\/\/www.europesays.com\/it\/wp-json\/wp\/v2\/media?parent=641258"}],"wp:term":[{"taxonomy":"category","embeddable":true,"href":"https:\/\/www.europesays.com\/it\/wp-json\/wp\/v2\/categories?post=641258"},{"taxonomy":"post_tag","embeddable":true,"href":"https:\/\/www.europesays.com\/it\/wp-json\/wp\/v2\/tags?post=641258"}],"curies":[{"name":"wp","href":"https:\/\/api.w.org\/{rel}","templated":true}]}}