{"id":641438,"date":"2026-08-20T16:57:15","date_gmt":"2026-08-20T16:57:15","guid":{"rendered":"https:\/\/www.europesays.com\/it\/641438\/"},"modified":"2026-08-20T16:57:15","modified_gmt":"2026-08-20T16:57:15","slug":"il-paesaggio-pugliese-e-la-luce-del-mediterraneo-a-ostuni-la-personale-di-faccincani","status":"publish","type":"post","link":"https:\/\/www.europesays.com\/it\/641438\/","title":{"rendered":"Il paesaggio pugliese e la luce del Mediterraneo: a Ostuni la personale di Faccincani"},"content":{"rendered":"<p>&#13;<br \/>\n      &#13;<br \/>\n&#13;<br \/>\n     &#13;<br \/>\n        &#13;<\/p>\n<p>OSTUNI &#8211; Dal 22 agosto al 6 settembre 2026, le sale di Palazzo Tanzarella, nel cuore del centro storico di Ostuni, ospiteranno la mostra personale del maestro Athos Faccincani, uno dei pi\u00f9 apprezzati interpreti contemporanei della pittura italiana. L&#8217;esposizione, a ingresso libero, offrir\u00e0 al pubblico un percorso attraverso le opere pi\u00f9 rappresentative dell&#8217;artista, in un dialogo intenso con il paesaggio pugliese, la luce del Mediterraneo e i colori che da sempre caratterizzano la sua ricerca pittorica.<\/p>\n<p>La scelta di Ostuni, la celebre \u201cCitt\u00e0 Bianca\u201d, rappresenta un incontro naturale con la sensibilit\u00e0 artistica di Faccincani: un luogo dove l&#8217;intensit\u00e0 della luce, il bianco delle architetture e il verde argenteo degli ulivi secolari trovano nella sua tavolozza una straordinaria sintonia. Proprio gli ulivi monumentali, protagonisti della locandina della mostra, diventano simbolo di memoria, forza e continuit\u00e0, immersi in un paesaggio vibrante che celebra la bellezza della terra pugliese.<\/p>\n<p>Da oltre cinquant&#8217;anni Athos Faccincani costruisce un linguaggio pittorico immediatamente riconoscibile, fatto di colori luminosi, pennellate materiche e atmosfere capaci di trasmettere serenit\u00e0, speranza e gioia di vivere. Le sue opere non rappresentano semplicemente luoghi, ma emozioni: paesaggi interiori nei quali la natura diventa protagonista assoluta.<\/p>\n<p>L&#8217;esposizione di Ostuni si inserisce nel percorso artistico del maestro come un omaggio alla bellezza italiana e alla cultura mediterranea, invitando il visitatore a un&#8217;esperienza visiva intensa, nella quale arte, luce e colore si fondono in un racconto di grande suggestione.<\/p>\n<p> &#13;<br \/>\n       &#13;<br \/>\n&#13;<br \/>\n&#13;<br \/>\n  &#13;<br \/>\n  &#13;<br \/>\n&#13;<br \/>\n&#13;<br \/>\n  &#13;<br \/>\n&#13;<br \/>\n        &#13;<br \/>\n        &#13;<br \/>\n               &#13;<br \/>\n      &#13;<br \/>\n      &#13;<br \/>\n      &#13;<br \/>\n&#13;<br \/>\n&#13;<br \/>\n            &#13;<br \/>\n   &#13;<br \/>\n&#13;<br \/>\n &#13;<br \/>\n      &#13;<br \/>\n&#13;<br \/>\n      &#13;<\/p>\n","protected":false},"excerpt":{"rendered":"&#13; &#13; &#13; &#13; &#13; OSTUNI &#8211; Dal 22 agosto al 6 settembre 2026, le sale di Palazzo&hellip;\n","protected":false},"author":3,"featured_media":641439,"comment_status":"","ping_status":"","sticky":false,"template":"","format":"standard","meta":{"footnotes":"","_share_on_mastodon":"0"},"categories":[1446],"tags":[1615,1613,1614,1611,1610,1612,203,626,204,1537,90,89,632,858,16756,14641],"class_list":["post-641438","post","type-post","status-publish","format-standard","has-post-thumbnail","category-arte-e-design","tag-arte","tag-arte-e-design","tag-arteedesign","tag-arts","tag-arts-and-design","tag-design","tag-entertainment","tag-eventi","tag-intrattenimento","tag-it","tag-italia","tag-italy","tag-mostra","tag-personale","tag-pittura","tag-quadri"],"share_on_mastodon":{"url":"https:\/\/pubeurope.com\/@it\/117128897946867634","error":""},"_links":{"self":[{"href":"https:\/\/www.europesays.com\/it\/wp-json\/wp\/v2\/posts\/641438","targetHints":{"allow":["GET"]}}],"collection":[{"href":"https:\/\/www.europesays.com\/it\/wp-json\/wp\/v2\/posts"}],"about":[{"href":"https:\/\/www.europesays.com\/it\/wp-json\/wp\/v2\/types\/post"}],"author":[{"embeddable":true,"href":"https:\/\/www.europesays.com\/it\/wp-json\/wp\/v2\/users\/3"}],"replies":[{"embeddable":true,"href":"https:\/\/www.europesays.com\/it\/wp-json\/wp\/v2\/comments?post=641438"}],"version-history":[{"count":0,"href":"https:\/\/www.europesays.com\/it\/wp-json\/wp\/v2\/posts\/641438\/revisions"}],"wp:featuredmedia":[{"embeddable":true,"href":"https:\/\/www.europesays.com\/it\/wp-json\/wp\/v2\/media\/641439"}],"wp:attachment":[{"href":"https:\/\/www.europesays.com\/it\/wp-json\/wp\/v2\/media?parent=641438"}],"wp:term":[{"taxonomy":"category","embeddable":true,"href":"https:\/\/www.europesays.com\/it\/wp-json\/wp\/v2\/categories?post=641438"},{"taxonomy":"post_tag","embeddable":true,"href":"https:\/\/www.europesays.com\/it\/wp-json\/wp\/v2\/tags?post=641438"}],"curies":[{"name":"wp","href":"https:\/\/api.w.org\/{rel}","templated":true}]}}