{"id":641446,"date":"2026-08-20T17:02:18","date_gmt":"2026-08-20T17:02:18","guid":{"rendered":"https:\/\/www.europesays.com\/it\/641446\/"},"modified":"2026-08-20T17:02:18","modified_gmt":"2026-08-20T17:02:18","slug":"giochi-del-mediterraneo-taranto-blindata-per-i-cinque-capi-di-stato-mattarella-arriva-domani","status":"publish","type":"post","link":"https:\/\/www.europesays.com\/it\/641446\/","title":{"rendered":"Giochi del Mediterraneo, Taranto blindata per i cinque capi di Stato. Mattarella arriva domani"},"content":{"rendered":"<p>L\u2019attesa per i <a href=\"https:\/\/www.quotidianodipuglia.it\/t\/giochi-del-mediterraneo\" rel=\"nofollow noopener\" target=\"_blank\">Giochi del Mediterraneo<\/a> \u00e8 finita. Si consumano le ultime ore e oggi siamo alla vigilia dell\u2019<a href=\"https:\/\/www.quotidianodipuglia.it\/t\/inaugurazione\" rel=\"nofollow noopener\" target=\"_blank\">inaugurazione<\/a> che avverr\u00e0 domani sera nello stadio <a href=\"https:\/\/www.quotidianodipuglia.it\/t\/iacovone\" rel=\"nofollow noopener\" target=\"_blank\">Iacovone<\/a> di <a href=\"https:\/\/www.quotidianodipuglia.it\/t\/taranto\" rel=\"nofollow noopener\" target=\"_blank\">Taranto<\/a>. I numeri dell\u2019evento sono significativi: cinque capi di Stato, tre capi di Governo, 20 ministri dello Sport di vari Paesi tra i 26 dell\u2019area mediterranea partecipanti ai Giochi, e diversi ambasciatori. Italia, Algeria, Albania, Macedonia, Kosovo, Libia, Slovenia, Serbia e Montenegro, i Paesi presenti domani sera.<\/p>\n<p><p>APPROFONDIMENTI<\/p>\n<\/p>\n<p>L\u2019Italia vedr\u00e0 il presidente della Repubblica, <a href=\"https:\/\/www.quotidianodipuglia.it\/t\/sergio-mattarella\" rel=\"nofollow noopener\" target=\"_blank\">Sergio Mattarella<\/a>, i presidenti di Senato e Camera, Ignazio La Russa e Lorenzo Fontana, la premier Giorgia Meloni, il vice presidente della Corte Costituzionale, Luca Antonini, nonch\u00e9, fra i ministri, Andrea Abodi per lo Sport, Tommaso Foti per gli Affari europei, la Coesione e il Pnrr, Giancarlo Mazzi per il Turismo e Orazio Schillaci per la Sanit\u00e0. Ci saranno inoltre i presidenti di Albania, Bajram Begaj e Libia, Mohamed al-Menfi. Quest\u2019ultimo gi\u00e0 oggi sar\u00e0 a Roma prima di trasferirsi a Taranto. L\u2019aeroporto di Grottaglie sar\u00e0 usato per gli arrivi.<\/p>\n<p>Questa sera, nel Castello Aragonese, ci sar\u00e0 la cena di gala per autorit\u00e0 e invitati: 150 partecipanti. Invece domani nel tardo pomeriggio, sempre al Castello, ci sar\u00e0 il ricevimento offerto dal Quirinale a capi di Stato e di Governo, ministri e autorit\u00e0. Vi parteciper\u00e0 Mattarella che poi si recher\u00e0 allo Iacovone per l\u2019inaugurazione.<\/p>\n<p>Ieri, in Prefettura, il prefetto Ernesto Liguori ha coordinato un vertice con forze di polizia, Comune di Taranto, enti ed amministrazioni che si occuperanno dei vari servizi. In un punto stampa, il prefetto ha annunciato massima vigilanza e forze di polizia rinforzate. \u00abQuesta riunione &#8211; dichiara Liguori &#8211; segue i tavoli che si sono succeduti gi\u00e0 da alcuni mesi. \u00c8 stato fatto un punto ricognitivo del lavoro svolto in maniera molto corale e sinergica tra tutte le forze dell\u2019ordine, la Marina Militare, i Comuni e gli enti di servizio. \u00c8 un evento importante che ha richiesto un grande sforzo. Tutte le strutture hanno operato con la massima disponibilit\u00e0 e il massimo impegno. C\u2019\u00e8 una pianificazione dei servizi di ordine e sicurezza pubblica per la cerimonia inaugurale &#8211; aggiunge il prefetto -, ma anche per gli eventi che seguiranno. Pianificazione in termini di sicurezza integrata, con l\u2019apporto di tutti i soggetti e degli enti locali, per gestire una manifestazione che ha una sua complessit\u00e0. Quindi, un piano di viabilit\u00e0, un piano sanitario e tutto ci\u00f2 che fa da corollario agli aspetti di sicurezza in senso pi\u00f9 stretto\u00bb.<\/p>\n<p>Per il prefetto di Taranto, \u00absono stati previsti servizi adeguati alla complessit\u00e0 dell\u2019impegno. Riguarderanno la cerimonia inaugurale, ma poi ogni evento sportivo avr\u00e0 un suo piano di sicurezza. Una parte in questo ce l\u2019ha anche il comitato organizzatore che mette in campo una sua struttura di security. Data la particolarit\u00e0 della manifestazione, i servizi di vigilanza e di controllo del territorio &#8211; rileva Liguori &#8211; in questo periodo sono intensificati. Riguarderanno la citt\u00e0 e gli altri Comuni. Arrivati anche dei rinforzi che saranno utilizzati in maniera adeguata. Lo scenario internazionale ha un suo rilievo &#8211; conclude il prefetto -, non ci sono motivi specifici di preoccupazione, ma naturalmente c\u2019\u00e8 la massima attenzione anche sotto questo profilo\u00bb.<\/p>\n<p>Sul fronte Comune, invece, il vice sindaco Mattia Giorno ha coordinato la task force che ha impegnato circa 50 dipendenti comunali dei vari assessorati e delle societ\u00e0 partecipate. Task force che ha lavorato, dice Giorno, \u00abper rendere Taranto pronta e creare tutti i collegamenti tra Comune, commissario dei Giochi e comitato organizzatore\u00bb. Affrontati vari problemi, tra cui parcheggi, mobilit\u00e0 e igiene urbana. \u00abSono stati giorni frenetici e stiamo ancora lavorando per le ultime rifiniture &#8211; prosegue Giorno -. Abbiamo passato le ultime ore sia a vedere l\u2019arrivo delle due navi che ospiteranno atlete e atleti, navi che hanno un impatto bellissimo sullo skyline della citt\u00e0, che ad accogliere i primi arrivi cominciati l\u2019altro ieri. Arrivi che stanno colorando le principali vie di Taranto. In pi\u00f9, ci sono tutti gli eventi collaterali ai Giochi che si stanno sviluppando e che riempiono la citt\u00e0 di iniziative, ma anche di gioia e di emozione. Creano quel clima di festa che tutti abbiamo la necessit\u00e0 e il bisogno di vivere. Diciamocelo: dopo tanto lavoro e sacrifici, meritiamo che Taranto porti a casa nel migliore dei modi lo straordinario risultato dei Giochi del Mediterraneo\u00ab.<\/p>\n<p>Per il vice sindaco, \u00abla citt\u00e0 sta rispondendo bene. Si sente e si percepisce che il clima sui Giochi del Mediterraneo \u00e8 positivo e sta creando partecipazione da parte di tutti. Ovviamente le aspettative sono alte, ma vedere che tutta la citt\u00e0 sta vivendo ora per ora l\u2019attesa dei Giochi e non solo della cerimonia di apertura ma di tutto quello che ruota intorno alle due settimane dell\u2019evento, ci dimostra non solo che siamo sulla strada giusta ma che questo \u00e8 il clima che abbiamo bisogno di vivere e mantenere, indipendentemente dai Giochi, tutto l\u2019anno e tutti gli anni\u00bb.<\/p>\n<p>\u00a9 RIPRODUZIONE RISERVATA<\/p>\n","protected":false},"excerpt":{"rendered":"L\u2019attesa per i Giochi del Mediterraneo \u00e8 finita. Si consumano le ultime ore e oggi siamo alla vigilia&hellip;\n","protected":false},"author":3,"featured_media":641447,"comment_status":"","ping_status":"","sticky":false,"template":"","format":"standard","meta":{"footnotes":"","_share_on_mastodon":"0"},"categories":[176],"tags":[354316,85784,1537,90,89,20322,863,245,244,10960],"class_list":["post-641446","post","type-post","status-publish","format-standard","has-post-thumbnail","category-sport","tag-capi-di-stato","tag-giochi-del-mediterraneo","tag-it","tag-italia","tag-italy","tag-mattarella","tag-sicurezza","tag-sport","tag-sports","tag-taranto"],"share_on_mastodon":{"url":"https:\/\/pubeurope.com\/@it\/117128917515343427","error":""},"_links":{"self":[{"href":"https:\/\/www.europesays.com\/it\/wp-json\/wp\/v2\/posts\/641446","targetHints":{"allow":["GET"]}}],"collection":[{"href":"https:\/\/www.europesays.com\/it\/wp-json\/wp\/v2\/posts"}],"about":[{"href":"https:\/\/www.europesays.com\/it\/wp-json\/wp\/v2\/types\/post"}],"author":[{"embeddable":true,"href":"https:\/\/www.europesays.com\/it\/wp-json\/wp\/v2\/users\/3"}],"replies":[{"embeddable":true,"href":"https:\/\/www.europesays.com\/it\/wp-json\/wp\/v2\/comments?post=641446"}],"version-history":[{"count":0,"href":"https:\/\/www.europesays.com\/it\/wp-json\/wp\/v2\/posts\/641446\/revisions"}],"wp:featuredmedia":[{"embeddable":true,"href":"https:\/\/www.europesays.com\/it\/wp-json\/wp\/v2\/media\/641447"}],"wp:attachment":[{"href":"https:\/\/www.europesays.com\/it\/wp-json\/wp\/v2\/media?parent=641446"}],"wp:term":[{"taxonomy":"category","embeddable":true,"href":"https:\/\/www.europesays.com\/it\/wp-json\/wp\/v2\/categories?post=641446"},{"taxonomy":"post_tag","embeddable":true,"href":"https:\/\/www.europesays.com\/it\/wp-json\/wp\/v2\/tags?post=641446"}],"curies":[{"name":"wp","href":"https:\/\/api.w.org\/{rel}","templated":true}]}}