{"id":641472,"date":"2026-08-20T17:27:22","date_gmt":"2026-08-20T17:27:22","guid":{"rendered":"https:\/\/www.europesays.com\/it\/641472\/"},"modified":"2026-08-20T17:27:22","modified_gmt":"2026-08-20T17:27:22","slug":"legends-il-cast-di-sons-of-anarchy-si-riunisce-per-la-miniserie-i-sky-tg24","status":"publish","type":"post","link":"https:\/\/www.europesays.com\/it\/641472\/","title":{"rendered":"Legends, il cast di Sons of Anarchy si riunisce per la miniserie I Sky TG24"},"content":{"rendered":"<p>La <strong>miniserie<\/strong> Legends, prossimamente in sviluppo, <strong>riunir\u00e0 gran parte del cast principale della serie tv drammatica<\/strong> Sons of Anarchy sui motociclisti fuorilegge. I <strong>protagonisti<\/strong> includeranno <a data-intcmp=\"skytg24_foglia articolo_interlink_text\" href=\"https:\/\/tg24.sky.it\/spettacolo\/cinema\/2020\/04\/10\/charlie-hunnam-film\" target=\"_self\" rel=\"nofollow noopener\">Charlie Hunnam<\/a> nel ruolo di Jax, Ron Perlman nel ruolo di Clay, Katey Sagal nel ruolo di Gemma, Maggie Siff nel ruolo di Tara, Mark Boone Junior nel ruolo di Bobby, Tommy Flanagan nel ruolo di Chibs, Kim Coates nel ruolo di Tig e Theo Rossi nel ruolo di Juice. \u201cQuando il cast di Sons of Anarchy si riunisce a una convention di fan dopo pi\u00f9 di un decennio, il confine tra vita e arte si fa labile, mentre la fratellanza divisa si ritrova ad affrontare una minaccia reale pi\u00f9 pericolosa di qualsiasi cosa abbiano mai affrontato nella loro serie\u201d, recita la <strong>sinossi ufficiale<\/strong>. Hunnam ha sviluppato la miniserie con Jonathan Groff (Black-ish e How I Met Your Mother). Entrambi sono produttori esecutivi insieme a Rob Mac, Nicholas Frenkel e Jackie Cohn. \u201cQuando Charlie ci ha presentato questa idea geniale, siamo rimasti subito colpiti dalla sua visione audace e divertente\u201d, ha dichiarato Nick Grad, presidente di FX Entertainment. \u201cIl talento di Charlie come sceneggiatore, attore e produttore esecutivo \u00e8 pienamente evidente, alla guida della vera confraternita in un&#8217;avventura che \u00e8 al tempo stesso una lettera d&#8217;amore alla serie e una divertente rivisitazione meta-narrativa di ci\u00f2 che i fan credono di sapere\u201d.<\/p>\n<p>\t\t \tLA SERIE TV SONS OF ANARCHY<\/p>\n<p>La serie tv Sons of Anarchy, creata da Kurt Sutter, era andata in onda per sette stagioni (per un totale di quasi 100 episodi) dal 2008 al 2014. Nella citt\u00e0 immaginaria di Charming, in California, si trova l\u2019organo direttivo del Sons of Anarchy Motorcycle Club, un club di motociclisti fondato negli anni Sessanta da nove commilitoni della Guerra del Vietnam e dedito ad attivit\u00e0 illegali come il traffico di armi. Jackson \u201cJax\u201d Teller, figlio del fondatore John, si prepara a prendere le redini del club che il padre gli ha lasciato in eredit\u00e0, finch\u00e9 non ritrova il suo diario, dove l\u2019uomo aveva descritto sia la progressiva degenerazione del club dopo l\u2019arrivo di Clay, sia il profondo rammarico per non essere riuscito a impedire che il suo sogno si trasformasse in un mero business illegale, seminando inoltre altri inquietanti indizi sulla sua morte.<\/p>\n<p>\t\t\t<a class=\"c-inline-card j-inline-card c-inline-card--with-image\" href=\"https:\/\/tg24.sky.it\/spettacolo\/serie-tv\/2020\/07\/14\/sons-of-anarchy-cast\" rel=\"follow nofollow noopener\" data-intcmp=\"skytg24_articolo_approfondimenti_inline\" target=\"_blank\"><\/p>\n<p>\t\t\t         <img decoding=\"async\" crossorigin=\"anonymous\" alt=\"\"  loading=\"lazy\"  src=\"https:\/\/www.europesays.com\/it\/wp-content\/uploads\/2026\/08\/Fox_Sons of Anarchy hero.jpg\"\/><\/p>\n<p>\n\t\t\t         Approfondimento<br \/>\n\t\t\t         Sons of Anarchy, il cast della serie tv: ieri e oggi\n\t\t\t      <\/p>\n<p>\t\t\t<\/a><\/p>\n<p>\t\t \tCHARLIE HUNNAM, LA CARRIERA<\/p>\n<p>Nato il 10 aprile 1980 a Newcastle upon Tyne, nel Regno Unito, nel 1999 Charlie Hunnam ha raggiunto la notoriet\u00e0 nella serie tv britannica Queer As Folk. Nel 2005 ha recitato nel film Hooligans, mentre nel 2000 ha preso parte alla serie tv Young Americans, spin-off di Dawson\u2019s Creek. Ha anche recitato nelle serie tv Undeclared, Sons of Anarchy, <a data-intcmp=\"skytg24_foglia articolo_interlink_text\" href=\"https:\/\/tg24.sky.it\/spettacolo\/serie-tv\/2022\/09\/15\/shantaram-serie-tv-libro-trailer\" target=\"_self\" rel=\"nofollow noopener\">Shantaram<\/a> e <a data-intcmp=\"skytg24_foglia articolo_interlink_text\" href=\"https:\/\/tg24.sky.it\/spettacolo\/serie-tv\/2025\/10\/07\/ed-gein-monster-cast\" target=\"_self\" rel=\"nofollow noopener\">Monster: La storia di Ed Gein<\/a> (per la quale nel 2026 ha ricevuto la sua prima nomination agli Emmy Awards come Miglior attore in una miniserie, serie antologica o film per la televisione), e nei film Abandon \u2013 Misteriosi omicidi (2002), Nicholas Nickleby (2002), Ritorno a Cold Mountain (2003), I figli degli uomini (2006), Pacific Rim (2013) di Guillermo del Toro, Civilt\u00e0 perduta (2016), King Arthur \u2013 Il potere della spada (2017) e The Gentlemen (2019) entrambi di Guy Ritchie, The Kelly Gang (2019) e Rebel Moon \u2013 Parte 1: Figlia del fuoco (2023) di Zack Snyder.<\/p>\n<p>\t\t\t<a class=\"c-inline-card j-inline-card c-inline-card--with-image\" href=\"https:\/\/tg24.sky.it\/spettacolo\/serie-tv\/2025\/10\/06\/monster-ed-gein-story-recensione\" rel=\"follow nofollow noopener\" data-intcmp=\"skytg24_articolo_approfondimenti_inline\" target=\"_blank\"><\/p>\n<p>\t\t\t         <img decoding=\"async\" crossorigin=\"anonymous\" alt=\"\"  loading=\"lazy\"  src=\"https:\/\/www.europesays.com\/it\/wp-content\/uploads\/2026\/08\/Monster_-The_Ed_Gein-Story-netflix-recensione.jpg\"\/><\/p>\n<p>\n\t\t\t         Approfondimento<br \/>\n\t\t\t         Monster: The Ed Gein Story,  vita dell&#8217;uomo dietro l&#8217;incubo americano\n\t\t\t      <\/p>\n<p>\t\t\t<\/a><\/p>\n","protected":false},"excerpt":{"rendered":"La miniserie Legends, prossimamente in sviluppo, riunir\u00e0 gran parte del cast principale della serie tv drammatica Sons of&hellip;\n","protected":false},"author":3,"featured_media":641473,"comment_status":"","ping_status":"","sticky":false,"template":"","format":"standard","meta":{"footnotes":"","_share_on_mastodon":"0"},"categories":[1444],"tags":[637,28119,203,204,1537,90,89,253],"class_list":["post-641472","post","type-post","status-publish","format-standard","has-post-thumbnail","category-tv","tag-attori","tag-attrici","tag-entertainment","tag-intrattenimento","tag-it","tag-italia","tag-italy","tag-tv"],"share_on_mastodon":{"url":"https:\/\/pubeurope.com\/@it\/117129016839311150","error":""},"_links":{"self":[{"href":"https:\/\/www.europesays.com\/it\/wp-json\/wp\/v2\/posts\/641472","targetHints":{"allow":["GET"]}}],"collection":[{"href":"https:\/\/www.europesays.com\/it\/wp-json\/wp\/v2\/posts"}],"about":[{"href":"https:\/\/www.europesays.com\/it\/wp-json\/wp\/v2\/types\/post"}],"author":[{"embeddable":true,"href":"https:\/\/www.europesays.com\/it\/wp-json\/wp\/v2\/users\/3"}],"replies":[{"embeddable":true,"href":"https:\/\/www.europesays.com\/it\/wp-json\/wp\/v2\/comments?post=641472"}],"version-history":[{"count":0,"href":"https:\/\/www.europesays.com\/it\/wp-json\/wp\/v2\/posts\/641472\/revisions"}],"wp:featuredmedia":[{"embeddable":true,"href":"https:\/\/www.europesays.com\/it\/wp-json\/wp\/v2\/media\/641473"}],"wp:attachment":[{"href":"https:\/\/www.europesays.com\/it\/wp-json\/wp\/v2\/media?parent=641472"}],"wp:term":[{"taxonomy":"category","embeddable":true,"href":"https:\/\/www.europesays.com\/it\/wp-json\/wp\/v2\/categories?post=641472"},{"taxonomy":"post_tag","embeddable":true,"href":"https:\/\/www.europesays.com\/it\/wp-json\/wp\/v2\/tags?post=641472"}],"curies":[{"name":"wp","href":"https:\/\/api.w.org\/{rel}","templated":true}]}}