{"id":641560,"date":"2026-08-20T18:40:16","date_gmt":"2026-08-20T18:40:16","guid":{"rendered":"https:\/\/www.europesays.com\/it\/641560\/"},"modified":"2026-08-20T18:40:16","modified_gmt":"2026-08-20T18:40:16","slug":"jonas-vingegaard-cambia-squadra-le-ultime-indiscrezioni","status":"publish","type":"post","link":"https:\/\/www.europesays.com\/it\/641560\/","title":{"rendered":"Jonas Vingegaard cambia squadra? Le ultime indiscrezioni"},"content":{"rendered":"<p class=\"isSelectedEnd\"><strong>Jonas Vingegaard<\/strong>\u00a0 lontano dalla <strong>Visma | Lease a Bike<\/strong>? Uno scenario che \u2013 al momento \u2013 non trova riscontri concreti, ma che torna a fare capolino nel panorama del ciclismo internazionale attraverso le parole di <strong>Magnus Cort<\/strong>. Il 33enne danese infatti, che a fine stagione concluder\u00e0 la propria carriera agonistica, non ha escluso la possibilit\u00e0 di vedere il connazionale con la maglia della <strong>Uno-X Mobility<\/strong>.<\/p>\n<p class=\"isSelectedEnd\"><strong>Vingegaard \u00e8 attualmente legato alla Visma | Lease a Bike con un contratto che scade nel 2028<\/strong>, ma in passato il suo nome era gi\u00e0 stato accostato alla formazione norvegese, diventata negli ultimi anni una realt\u00e0 sempre pi\u00f9 solida del World Tour. La Uno-X, peraltro, ha spesso fatto capire di voler continuare a crescere e di puntare anche ai \u201cBig\u201d del gruppo.<\/p>\n<p class=\"isSelectedEnd\"><strong>Tra questi potrebbe esserci proprio Vingegaard. Un\u2019ipotesi suggestiva:<\/strong> un eventuale cambio di squadra potrebbe rappresentare per\u00f2, per il due volte vincitore della Grande Boucle, l\u2019occasione per <strong>trovare nuovi stimoli dopo anni vissuti ai vertici del ciclismo mondiale.<\/strong><\/p>\n<p class=\"isSelectedEnd\">\u201cPenso che non sia impossibile \u2013 ha affermato Cort al podcast Domestique Hotseat \u2013. La Uno-X \u00e8 una squadra in crescita, quindi deve puntare anche sui grandi corridori. Se lui sar\u00e0 uno di loro, ovviamente ci\u00f2 richieder\u00e0 un aumento del budget, ma speriamo che la squadra, o chi la sostiene, sia pronta a questo. Credo che potrebbe essere molto, molto interessante averlo alla Uno-X\u201d.<\/p>\n<p class=\"isSelectedEnd\"><strong>Il nodo principale sarebbe naturalmente quello di natura salariale. Portare Vingegaard alla Uno-X<\/strong> significherebbe mettere in campo un investimento finanziario considerevole: di contro per\u00f2 la\u00a0 formazione scandinava potrebbe giovare dall\u2019arrivo di un corridore di tale portata. <strong>Resta da capire, soprattutto, se il corridore abbia davvero intenzione di cambiare ambiente prima della scadenza del suo contratto con la Visma.<\/strong><\/p>\n<p class=\"isSelectedEnd\">Cort vede per\u00f2 proprio nella ricerca di nuovi stimoli una possibile chiave per comprendere un eventuale trasferimento. \u201cPenso davvero che possa essere cos\u00ec; forse non tutti i corridori lo cercano, ma per alcuni, a un certo punto della loro carriera, potrebbe essere qualcosa che vogliono fare e provare\u201d.<\/p>\n","protected":false},"excerpt":{"rendered":"Jonas Vingegaard\u00a0 lontano dalla Visma | Lease a Bike? Uno scenario che \u2013 al momento \u2013 non trova&hellip;\n","protected":false},"author":3,"featured_media":641561,"comment_status":"","ping_status":"","sticky":false,"template":"","format":"standard","meta":{"footnotes":"","_share_on_mastodon":"0"},"categories":[1456],"tags":[1824,1825,1537,90,89,1527,234109,245,244,38279],"class_list":["post-641560","post","type-post","status-publish","format-standard","has-post-thumbnail","category-ciclismo","tag-ciclismo","tag-cycling","tag-it","tag-italia","tag-italy","tag-jonas-vingegaard","tag-magnus-cort","tag-sport","tag-sports","tag-uno-x-mobility"],"share_on_mastodon":{"url":"https:\/\/pubeurope.com\/@it\/117129302937138874","error":""},"_links":{"self":[{"href":"https:\/\/www.europesays.com\/it\/wp-json\/wp\/v2\/posts\/641560","targetHints":{"allow":["GET"]}}],"collection":[{"href":"https:\/\/www.europesays.com\/it\/wp-json\/wp\/v2\/posts"}],"about":[{"href":"https:\/\/www.europesays.com\/it\/wp-json\/wp\/v2\/types\/post"}],"author":[{"embeddable":true,"href":"https:\/\/www.europesays.com\/it\/wp-json\/wp\/v2\/users\/3"}],"replies":[{"embeddable":true,"href":"https:\/\/www.europesays.com\/it\/wp-json\/wp\/v2\/comments?post=641560"}],"version-history":[{"count":0,"href":"https:\/\/www.europesays.com\/it\/wp-json\/wp\/v2\/posts\/641560\/revisions"}],"wp:featuredmedia":[{"embeddable":true,"href":"https:\/\/www.europesays.com\/it\/wp-json\/wp\/v2\/media\/641561"}],"wp:attachment":[{"href":"https:\/\/www.europesays.com\/it\/wp-json\/wp\/v2\/media?parent=641560"}],"wp:term":[{"taxonomy":"category","embeddable":true,"href":"https:\/\/www.europesays.com\/it\/wp-json\/wp\/v2\/categories?post=641560"},{"taxonomy":"post_tag","embeddable":true,"href":"https:\/\/www.europesays.com\/it\/wp-json\/wp\/v2\/tags?post=641560"}],"curies":[{"name":"wp","href":"https:\/\/api.w.org\/{rel}","templated":true}]}}