{"id":641676,"date":"2026-08-20T20:14:19","date_gmt":"2026-08-20T20:14:19","guid":{"rendered":"https:\/\/www.europesays.com\/it\/641676\/"},"modified":"2026-08-20T20:14:19","modified_gmt":"2026-08-20T20:14:19","slug":"scarpe-con-tacco-alto-di-brigitte-macron-it-shoes-di-ogni-stagione-e-per-tutte-le-eta","status":"publish","type":"post","link":"https:\/\/www.europesays.com\/it\/641676\/","title":{"rendered":"Scarpe con tacco alto di Brigitte Macron, it-shoes di ogni stagione e per tutte le et\u00e0"},"content":{"rendered":"<p data-journey-content=\"true\" data-node-id=\"3\" class=\"css-1ood0zq emevuu60\">Con il cambio di stagione e l\u2019arrivo di settembre, le <strong data-node-id=\"3.1\"><a href=\"https:\/\/www.elle.com\/it\/moda\/street-style\/a71406045\/decolletees-argento-rania-giordania-scarpa-elegante-estate-2026\/\" target=\"_blank\" data-vars-ga-outbound-link=\"https:\/\/www.elle.com\/it\/moda\/street-style\/a71406045\/decolletees-argento-rania-giordania-scarpa-elegante-estate-2026\/\" data-vars-ga-ux-element=\"Hyperlink\" data-vars-ga-call-to-action=\"d\u00e9collet\u00e9es\" data-node-id=\"3.1.0\" class=\"body-link css-ohbdae emevuu60\" rel=\"nofollow noopener\">d\u00e9collet\u00e9es<\/a><\/strong> tornano puntualmente al centro del guardaroba. Dopo mesi di sandali e infradito, le <strong data-node-id=\"3.3\">d\u00e9collet\u00e9es a punta <\/strong>sono infatti quei <strong data-node-id=\"3.5\">modelli che segnano il ritorno alla routine<\/strong>: in ufficio con un paio di pantaloni sartoriali, per un meeting con un blazer e un jeans, oppure la sera, quando basta un tacco alto per trasformare anche il look pi\u00f9 semplice. \u00c8 una scarpa classica, ma tutt\u2019altro che banale, soprattutto quando si sceglie con una <strong data-node-id=\"3.7\">punta affusolata<\/strong> e un <strong data-node-id=\"3.9\">tacco vertiginoso<\/strong>, capace di<strong data-node-id=\"3.11\"> slanciare la gamba<\/strong> e dare un\u2019aria pi\u00f9 sofisticata alla silhouette. E se il nero resta un grande classico, questa stagione vale la pena guardare anche alle <strong data-node-id=\"3.13\">tonalit\u00e0 del marrone<\/strong>, dal cognac al cioccolato, pi\u00f9 calde e versatili e perfette per accompagnare il guardaroba verso l\u2019autunno.<\/p>\n<p data-journey-content=\"true\" data-node-id=\"7\" class=\"css-1ood0zq emevuu60\"><a href=\"https:\/\/iscriviti-elle.hearst.it\/registrazione\/?utm_source=sito&amp;utm_medium=articoli&amp;utm_campaign=nl_beauty\" target=\"_blank\" data-vars-ga-ux-element=\"Hyperlink\" data-node-id=\"7.0.0\" data-mrf-link=\"https:\/\/iscriviti-elle.hearst.it\/registrazione\/?utm_source=sito&amp;utm_medium=articoli&amp;utm_campaign=nl_beauty\" data-vars-ga-outbound-link=\"https:\/\/iscriviti-elle.hearst.it\/registrazione\/?utm_source=sito&amp;utm_medium=articoli&amp;utm_campaign=nl_beauty\" data-vars-ga-call-to-action=\"***Il meglio della settimana di moda e beauty. Iscriviti alla newsletter di Elle pensata per raccontarti trend, prodotti e insider tips.***\" class=\"body-link css-ohbdae emevuu60\" rel=\"nofollow noopener\">Il meglio della settimana di moda e beauty. Iscriviti alla newsletter di Elle pensata per raccontarti trend, prodotti e insider tips.<\/a><\/p>\n<p data-journey-content=\"true\" data-node-id=\"12\" class=\"css-1ood0zq emevuu60\">Questo lo sa bene anche <strong data-node-id=\"12.1\"><a href=\"https:\/\/www.elle.com\/it\/moda\/street-style\/a71790376\/vestito-rosa-brigitte-macron-tendenza-estate-2026\/\" target=\"_blank\" data-vars-ga-outbound-link=\"https:\/\/www.elle.com\/it\/moda\/street-style\/a71790376\/vestito-rosa-brigitte-macron-tendenza-estate-2026\/\" data-vars-ga-ux-element=\"Hyperlink\" data-vars-ga-call-to-action=\"Brigitte Macron\" data-node-id=\"12.1.0\" class=\"body-link css-ohbdae emevuu60\" rel=\"nofollow noopener\">Brigitte Macron<\/a><\/strong>, che a 73 anni continua a fare delle <strong data-node-id=\"12.3\">d\u00e9collet\u00e9es dal tacco altissimo <\/strong>uno dei <strong data-node-id=\"12.5\">tratti distintivi del suo guardaroba<\/strong>. In occasione delle celebrazioni della Festa della Bastiglia a Parigi, la Premi\u00e8re Dame di Francia le ha abbinate a un impeccabile coat dress bianco, un <strong data-node-id=\"12.9\">abito-cappotto dalla linea sartoriale e doppiopetto <\/strong><strong data-node-id=\"12.10\">che lascia alle scarpe tutto lo spazio necessario per farsi notare<\/strong>. Il contrasto tra il bianco ottico dell\u2019abito e il marrone caldo delle scarpe \u00e8 elegante e moderno: la<strong data-node-id=\"12.12\"> punta slanciata <\/strong>e il<strong data-node-id=\"12.14\"> tacco sottile<\/strong> allungano infatti la figura, mentre la tonalit\u00e0 della scarpa rende il look meno prevedibile del classico abbinamento con il nero. Del resto, nelle sue apparizioni pubbliche Brigitte Macron ha spesso scelto d\u00e9collet\u00e9es con tacchi importanti, trasformandole quasi in una firma stilistica.<br data-node-id=\"12.16\"\/><\/p>\n<p><img draggable=\"true\" alt=\"le scarpe con tacco alto di brigitte macron\" title=\"Le scarpe con tacco alto di Brigitte Macron\" loading=\"lazy\" width=\"2627\" height=\"3939\" decoding=\"async\" data-nimg=\"1\" style=\"color:transparent;width:100%;height:auto;\"   src=\"https:\/\/www.europesays.com\/it\/wp-content\/uploads\/2026\/08\/612a2f14-0d3b-4994-a3a9-12a329e4930b.jpeg\" class=\"css-0 e1ddfba50\"\/><a target=\"_blank\" rel=\"noopener nofollow\" data-theme-key=\"base-link\" href=\"https:\/\/pinterest.com\/pin\/create\/button\/?url=https:\/\/www.elle.com\/it\/moda\/street-style\/a73460167\/scarpe-tacco-alto-look-brigitte-macron-look-moda-2026\/&amp;description=elleitalia&amp;media=https:\/\/hips.hearstapps.com\/hmg-prod\/images\/612a2f14-0d3b-4994-a3a9-12a329e4930b.jpeg?resize=1600:*\" class=\"pinterest css-on9hn5 e1socmtw0\"><img decoding=\"async\" data-dynamic-svg=\"true\" src=\"https:\/\/www.elle.com\/_assets\/design-tokens\/fre\/static\/icons\/social\/pinterest.e8cf655.svg?primary=%2523ffffff\" loading=\"lazy\" data-testid=\"dynamic-svg-base\" height=\"auto\" width=\"auto\" alt=\"pinterest\" class=\"css-4lml0h e1mlxuuw1\"\/><\/a>Pierre Suu\/\/Getty Images<\/p>\n<p>Brigitte Macron alle celebrazioni per la Festa della Bastiglia a Parigi<\/p>\n<p>Come indossare le d\u00e9collet\u00e9es con tacco alto di Brigitte Macron per i look da rientro?<\/p>\n<p data-journey-content=\"true\" data-node-id=\"23\" class=\"css-1ood0zq emevuu60\">Le<strong data-node-id=\"23.1\"> d\u00e9collet\u00e9es a punta con tacco alto<\/strong> sono le scarpe <strong data-node-id=\"23.3\">passepartout da avere (sempre) nel guardaroba<\/strong>. Il motivo? Slanciano la silhouette e aggiungono un twist sofisticato anche agli outfit pi\u00f9 semplici. Per l\u2019ufficio, l\u2019idea \u00e8 abbinarle a un jeans e un blazer, preferibilmente scegliendo un denim a gamba larga, cos\u00ec che la punta della scarpa che spunta dall\u2019orlo contribuisca ad allungare otticamente la figura. Per un appuntamento serale o un evento pi\u00f9 formale, invece, le d\u00e9collet\u00e9es funzionano con un abito, soprattutto midi o dalla linea pulita, lasciando alla scarpa il ruolo di dettaglio elegante. Infine, per un\u2019interpretazione pi\u00f9 moderna del completo, si pu\u00f2 puntare anche sul tailleur 2.0 con gilet e bermuda sartoriali: il volume e il taglio pi\u00f9 maschile del completo verranno infatti bilanciati dalla punta affusolata e dal tacco alto, per un effetto femminile e alla moda.<\/p>\n<p><img decoding=\"async\" data-dynamic-svg=\"true\" src=\"https:\/\/www.elle.com\/_assets\/design-tokens\/fre\/static\/icons\/arrow-right.7440adc.svg?primary=%2523D4D4D4\" loading=\"lazy\" data-testid=\"dynamic-svg-base\" height=\"auto\" width=\"auto\" aria-label=\"Prev carousel button\" alt=\"Chevron Left Icon\" data-theme-key=\"icon-button-icon\" transform=\"scaleX(-1)\" class=\"css-14vtfey erhb41k0\"\/><img decoding=\"async\" data-dynamic-svg=\"true\" src=\"https:\/\/www.elle.com\/_assets\/design-tokens\/fre\/static\/icons\/arrow-right.7440adc.svg?primary=%25230f0f15\" loading=\"lazy\" data-testid=\"dynamic-svg-base\" height=\"auto\" width=\"auto\" aria-label=\"Next carousel button\" alt=\"Chevron Right Icon\" data-theme-key=\"icon-button-icon\" class=\"css-18znc9e erhb41k0\"\/>Dove acquistare le d\u00e9collet\u00e9es con tacco alto come quelle di Brigitte MacronD\u00e9collet\u00e9 in pelle marrone con punta affusolata, Gianvito Rossi<a target=\"_blank\" rel=\"nofollow noopener\" data-theme-key=\"product-image-wrapper\" href=\"https:\/\/go.redirectingat.com?id=86393X1538931&amp;url=https%3A%2F%2Fwww.mytheresa.com%2Fit%2Fit%2Fdonna%2Fgianvito-rossi-pumps-gianvito-105-in-pelle-marrone-p00763909%3Fdplink%3Dtrue%26utm_source%3Dsea_pla%26utm_medium%3Dgoogle%26utm_campaign%3Dgoogle_sea%26chn%3Dsea_shopping%26src%3Dgoogle%26cmp%3D24075382979%26tarea%3Dit%26tar%3D%26ag%3D%26ptyp%3D%26feed_num%3DP00763909-9%26gclid%3DCjwKCAjwhZDUBhBGEiwAbi5bjkJIhY2Tt48_4XX8GKFnhvKsOEL2s9W0o4GZAdlEgru3f-1al8iTIRoC9PkQAvD_BwE%26gbraid%3D0AAAAAD3Pw-mH_3m_eAzszb8L8BDAeUPG3%26gad_source%3D1%26gad_campaignid%3D24075402461%26gbraid%3D0AAAAAD3Pw-mH_3m_eAzszb8L8BDAeUPG3%26slink_id%3D61b7885f-3bdd-4be2-a42a-7ab426d33b94%26slink%3D1\" aria-label=\"750\u00a0\u20ac su Mytheresa per D\u00e9collet\u00e9 in pelle marrone con punta affusolata, Gianvito Rossi\" data-href=\"https:\/\/www.mytheresa.com\/it\/it\/donna\/gianvito-rossi-pumps-gianvito-105-in-pelle-marrone-p00763909?dplink=true&amp;utm_source=sea_pla&amp;utm_medium=google&amp;utm_campaign=google_sea&amp;chn=sea_shopping&amp;src=google&amp;cmp=24075382979&amp;tarea=it&amp;tar=&amp;ag=&amp;ptyp=&amp;feed_num=P00763909-9&amp;gclid=CjwKCAjwhZDUBhBGEiwAbi5bjkJIhY2Tt48_4XX8GKFnhvKsOEL2s9W0o4GZAdlEgru3f-1al8iTIRoC9PkQAvD_BwE&amp;gbraid=0AAAAAD3Pw-mH_3m_eAzszb8L8BDAeUPG3&amp;gad_source=1&amp;gad_campaignid=24075402461&amp;gbraid=0AAAAAD3Pw-mH_3m_eAzszb8L8BDAeUPG3&amp;slink_id=61b7885f-3bdd-4be2-a42a-7ab426d33b94&amp;slink=1\" data-product-url=\"https:\/\/www.mytheresa.com\/it\/it\/donna\/gianvito-rossi-pumps-gianvito-105-in-pelle-marrone-p00763909?dplink=true&amp;utm_source=sea_pla&amp;utm_medium=google&amp;utm_campaign=google_sea&amp;chn=sea_shopping&amp;src=google&amp;cmp=24075382979&amp;tarea=it&amp;tar=&amp;ag=&amp;ptyp=&amp;feed_num=P00763909-9&amp;gclid=CjwKCAjwhZDUBhBGEiwAbi5bjkJIhY2Tt48_4XX8GKFnhvKsOEL2s9W0o4GZAdlEgru3f-1al8iTIRoC9PkQAvD_BwE&amp;gbraid=0AAAAAD3Pw-mH_3m_eAzszb8L8BDAeUPG3&amp;gad_source=1&amp;gad_campaignid=24075402461&amp;gbraid=0AAAAAD3Pw-mH_3m_eAzszb8L8BDAeUPG3&amp;slink_id=61b7885f-3bdd-4be2-a42a-7ab426d33b94&amp;slink=1\" data-affiliate=\"true\" data-affiliate-url=\"https:\/\/go.redirectingat.com?id=86393X1538931&amp;url=https%3A%2F%2Fwww.mytheresa.com%2Fit%2Fit%2Fdonna%2Fgianvito-rossi-pumps-gianvito-105-in-pelle-marrone-p00763909%3Fdplink%3Dtrue%26utm_source%3Dsea_pla%26utm_medium%3Dgoogle%26utm_campaign%3Dgoogle_sea%26chn%3Dsea_shopping%26src%3Dgoogle%26cmp%3D24075382979%26tarea%3Dit%26tar%3D%26ag%3D%26ptyp%3D%26feed_num%3DP00763909-9%26gclid%3DCjwKCAjwhZDUBhBGEiwAbi5bjkJIhY2Tt48_4XX8GKFnhvKsOEL2s9W0o4GZAdlEgru3f-1al8iTIRoC9PkQAvD_BwE%26gbraid%3D0AAAAAD3Pw-mH_3m_eAzszb8L8BDAeUPG3%26gad_source%3D1%26gad_campaignid%3D24075402461%26gbraid%3D0AAAAAD3Pw-mH_3m_eAzszb8L8BDAeUPG3%26slink_id%3D61b7885f-3bdd-4be2-a42a-7ab426d33b94%26slink%3D1\" data-affiliate-network=\"{&quot;site_id&quot;:&quot;315b2bba-c4a8-446d-9237-6e6750390ee7&quot;,&quot;network&quot;:{&quot;name&quot;:&quot;Skimlinks&quot;}}\" data-fp-affiliate-inline-link=\"true\" data-fp-affiliate-button-link=\"false\" data-vars-ga-call-to-action=\"750\u00a0\u20ac su Mytheresa\" data-vars-ga-media-role=\"\" data-vars-ga-media-type=\"Single Product Embed\" data-vars-ga-outbound-link=\"https:\/\/www.mytheresa.com\/it\/it\/donna\/gianvito-rossi-pumps-gianvito-105-in-pelle-marrone-p00763909?dplink=true&amp;utm_source=sea_pla&amp;utm_medium=google&amp;utm_campaign=google_sea&amp;chn=sea_shopping&amp;src=google&amp;cmp=24075382979&amp;tarea=it&amp;tar=&amp;ag=&amp;ptyp=&amp;feed_num=P00763909-9&amp;gclid=CjwKCAjwhZDUBhBGEiwAbi5bjkJIhY2Tt48_4XX8GKFnhvKsOEL2s9W0o4GZAdlEgru3f-1al8iTIRoC9PkQAvD_BwE&amp;gbraid=0AAAAAD3Pw-mH_3m_eAzszb8L8BDAeUPG3&amp;gad_source=1&amp;gad_campaignid=24075402461&amp;gbraid=0AAAAAD3Pw-mH_3m_eAzszb8L8BDAeUPG3&amp;slink_id=61b7885f-3bdd-4be2-a42a-7ab426d33b94&amp;slink=1\" data-vars-ga-product-id=\"3f09b844-54a6-4238-9a08-4caba38ac1c8\" data-vars-ga-product-price=\"750,00\u00a0\u20ac\" data-vars-ga-product-retailer-id=\"ad115266-eb0d-42fa-b24e-0f55b3c47663\" data-vars-ga-link-treatment=\"(not set) | (not set)\" class=\"product-image-link ebgq4gw7 e12px3ys0 css-g6od0w e1socmtw0\"><img  alt=\"D\u00e9collet\u00e9 in pelle marrone con punta affusolata, Gianvito Rossi\" title=\"D\u00e9collet\u00e9 in pelle marrone con punta affusolata, Gianvito Rossi\" data-fp-product-image=\"true\" datafptag=\"data-fp-product-image\" src=\"https:\/\/www.europesays.com\/it\/wp-content\/uploads\/2026\/08\/1787040482-3dccc2c1-a020-495d-9a3c-e33376f4e695.jpg\" width=\"741\" height=\"661\" decoding=\"async\" loading=\"lazy\"\/><\/a>D\u00e9collet\u00e9 in pelle marrone con punta affusolata, Gianvito RossiD\u00e9collet\u00e9 a punta in pelle marrone, Stuart Weitzman<a target=\"_blank\" rel=\"nofollow noopener\" data-theme-key=\"product-image-wrapper\" href=\"https:\/\/go.redirectingat.com?id=86393X1538931&amp;url=https%3A%2F%2Fwww.farfetch.com%2Fit%2Fshopping%2Fwomen%2Fstuart-weitzman-pumps-stuart-power-a-punta-item-38049911.aspx\" aria-label=\"468\u00a0\u20ac su Farfetch per D\u00e9collet\u00e9 a punta in pelle marrone, Stuart Weitzman\" data-href=\"https:\/\/www.farfetch.com\/it\/shopping\/women\/stuart-weitzman-pumps-stuart-power-a-punta-item-38049911.aspx\" data-product-url=\"https:\/\/www.farfetch.com\/it\/shopping\/women\/stuart-weitzman-pumps-stuart-power-a-punta-item-38049911.aspx\" data-affiliate=\"true\" data-affiliate-url=\"https:\/\/go.redirectingat.com?id=86393X1538931&amp;url=https%3A%2F%2Fwww.farfetch.com%2Fit%2Fshopping%2Fwomen%2Fstuart-weitzman-pumps-stuart-power-a-punta-item-38049911.aspx\" data-affiliate-network=\"{&quot;site_id&quot;:&quot;315b2bba-c4a8-446d-9237-6e6750390ee7&quot;,&quot;network&quot;:{&quot;name&quot;:&quot;Skimlinks&quot;}}\" data-fp-affiliate-inline-link=\"true\" data-fp-affiliate-button-link=\"false\" data-vars-ga-call-to-action=\"468\u00a0\u20ac su Farfetch\" data-vars-ga-media-role=\"\" data-vars-ga-media-type=\"Single Product Embed\" data-vars-ga-outbound-link=\"https:\/\/www.farfetch.com\/it\/shopping\/women\/stuart-weitzman-pumps-stuart-power-a-punta-item-38049911.aspx\" data-vars-ga-product-brand=\"Stuart Weitzman\" data-vars-ga-product-id=\"773d2969-94ae-4962-97ff-4f4cce36b6ef\" data-vars-ga-product-price=\"468,00\u00a0\u20ac\" data-vars-ga-product-retailer-id=\"46524624-f129-45fa-a544-a8d03c5df710\" data-vars-ga-product-sem3-brand=\"Stuart Weitzman\" data-vars-ga-link-treatment=\"(not set) | (not set)\" data-vars-ga-sku=\"farfetch_38049911\" data-vars-ga-magento-tracking=\"1\" class=\"product-image-link ebgq4gw7 e12px3ys0 css-g6od0w e1socmtw0\"><img  alt=\"D\u00e9collet\u00e9 a punta in pelle marrone, Stuart Weitzman\" title=\"D\u00e9collet\u00e9 a punta in pelle marrone, Stuart Weitzman\" data-fp-product-image=\"true\" datafptag=\"data-fp-product-image\" src=\"https:\/\/www.europesays.com\/it\/wp-content\/uploads\/2026\/08\/1787040761-16d9ed42-4cda-4916-a30a-f6d355a8e8d4.jpg\" width=\"581\" height=\"427\" decoding=\"async\" loading=\"lazy\"\/><\/a>D\u00e9collet\u00e9 a punta in pelle marrone, Stuart WeitzmanD\u00e9collet\u00e9 a punta in pelle marrone, Stuart Weitzman<a target=\"_blank\" rel=\"nofollow noopener\" data-theme-key=\"product-image-wrapper\" href=\"https:\/\/go.redirectingat.com?id=86393X1538931&amp;url=https%3A%2F%2Fwww.farfetch.com%2Fit%2Fshopping%2Fwomen%2Fstuart-weitzman-pumps-power-item-33066548.aspx%3Flang%3Dit-IT%26size%3D13%26utm_source%3Dgoogle%26utm_medium%3Dcpc%26utm_keywordid%3D%26pid%3Dgoogle_search%26af_channel%3DSearch%26c%3D23064481629%26af_c_id%3D23064481629%26af_siteid%3D%26af_keywords%3D%26af_adset_id%3D%26af_ad_id%3D%26af_sub1%3D%26is_retargeting%3Dtrue%26gad_source%3D1%26gad_campaignid%3D23074558045%26gbraid%3D0AAAAADsmKHQPIIm0rHs4wm089zlXpvQZi%26gclid%3DCjwKCAjwhZDUBhBGEiwAbi5bjocbR0zalxVgFX8uexmSA7QsQn8FQL3xSbe3jxf0Oh-O2mJdBad5RhoC5g8QAvD_BwE\" aria-label=\"409\u00a0\u20ac su Farfetch per D\u00e9collet\u00e9 a punta in pelle marrone, Stuart Weitzman\" data-href=\"https:\/\/www.farfetch.com\/it\/shopping\/women\/stuart-weitzman-pumps-power-item-33066548.aspx?lang=it-IT&amp;size=13&amp;utm_source=google&amp;utm_medium=cpc&amp;utm_keywordid=&amp;pid=google_search&amp;af_channel=Search&amp;c=23064481629&amp;af_c_id=23064481629&amp;af_siteid=&amp;af_keywords=&amp;af_adset_id=&amp;af_ad_id=&amp;af_sub1=&amp;is_retargeting=true&amp;gad_source=1&amp;gad_campaignid=23074558045&amp;gbraid=0AAAAADsmKHQPIIm0rHs4wm089zlXpvQZi&amp;gclid=CjwKCAjwhZDUBhBGEiwAbi5bjocbR0zalxVgFX8uexmSA7QsQn8FQL3xSbe3jxf0Oh-O2mJdBad5RhoC5g8QAvD_BwE\" data-product-url=\"https:\/\/www.farfetch.com\/it\/shopping\/women\/stuart-weitzman-pumps-power-item-33066548.aspx?lang=it-IT&amp;size=13&amp;utm_source=google&amp;utm_medium=cpc&amp;utm_keywordid=&amp;pid=google_search&amp;af_channel=Search&amp;c=23064481629&amp;af_c_id=23064481629&amp;af_siteid=&amp;af_keywords=&amp;af_adset_id=&amp;af_ad_id=&amp;af_sub1=&amp;is_retargeting=true&amp;gad_source=1&amp;gad_campaignid=23074558045&amp;gbraid=0AAAAADsmKHQPIIm0rHs4wm089zlXpvQZi&amp;gclid=CjwKCAjwhZDUBhBGEiwAbi5bjocbR0zalxVgFX8uexmSA7QsQn8FQL3xSbe3jxf0Oh-O2mJdBad5RhoC5g8QAvD_BwE\" data-affiliate=\"true\" data-affiliate-url=\"https:\/\/go.redirectingat.com?id=86393X1538931&amp;url=https%3A%2F%2Fwww.farfetch.com%2Fit%2Fshopping%2Fwomen%2Fstuart-weitzman-pumps-power-item-33066548.aspx%3Flang%3Dit-IT%26size%3D13%26utm_source%3Dgoogle%26utm_medium%3Dcpc%26utm_keywordid%3D%26pid%3Dgoogle_search%26af_channel%3DSearch%26c%3D23064481629%26af_c_id%3D23064481629%26af_siteid%3D%26af_keywords%3D%26af_adset_id%3D%26af_ad_id%3D%26af_sub1%3D%26is_retargeting%3Dtrue%26gad_source%3D1%26gad_campaignid%3D23074558045%26gbraid%3D0AAAAADsmKHQPIIm0rHs4wm089zlXpvQZi%26gclid%3DCjwKCAjwhZDUBhBGEiwAbi5bjocbR0zalxVgFX8uexmSA7QsQn8FQL3xSbe3jxf0Oh-O2mJdBad5RhoC5g8QAvD_BwE\" data-affiliate-network=\"{&quot;site_id&quot;:&quot;315b2bba-c4a8-446d-9237-6e6750390ee7&quot;,&quot;network&quot;:{&quot;name&quot;:&quot;Skimlinks&quot;}}\" data-fp-affiliate-inline-link=\"true\" data-fp-affiliate-button-link=\"false\" data-vars-ga-call-to-action=\"409\u00a0\u20ac su Farfetch\" data-vars-ga-media-role=\"\" data-vars-ga-media-type=\"Single Product Embed\" data-vars-ga-outbound-link=\"https:\/\/www.farfetch.com\/it\/shopping\/women\/stuart-weitzman-pumps-power-item-33066548.aspx?lang=it-IT&amp;size=13&amp;utm_source=google&amp;utm_medium=cpc&amp;utm_keywordid=&amp;pid=google_search&amp;af_channel=Search&amp;c=23064481629&amp;af_c_id=23064481629&amp;af_siteid=&amp;af_keywords=&amp;af_adset_id=&amp;af_ad_id=&amp;af_sub1=&amp;is_retargeting=true&amp;gad_source=1&amp;gad_campaignid=23074558045&amp;gbraid=0AAAAADsmKHQPIIm0rHs4wm089zlXpvQZi&amp;gclid=CjwKCAjwhZDUBhBGEiwAbi5bjocbR0zalxVgFX8uexmSA7QsQn8FQL3xSbe3jxf0Oh-O2mJdBad5RhoC5g8QAvD_BwE\" data-vars-ga-product-id=\"0212ca2b-424c-4930-b7bf-6ddbae808fa3\" data-vars-ga-product-price=\"409,00\u00a0\u20ac\" data-vars-ga-product-retailer-id=\"8e0b88f5-d0ed-4305-8dcb-4c9805b6d80e\" data-vars-ga-link-treatment=\"(not set) | (not set)\" class=\"product-image-link ebgq4gw7 e12px3ys0 css-g6od0w e1socmtw0\"><img  alt=\"D\u00e9collet\u00e9 a punta in pelle marrone, Stuart Weitzman\" title=\"D\u00e9collet\u00e9 a punta in pelle marrone, Stuart Weitzman\" data-fp-product-image=\"true\" datafptag=\"data-fp-product-image\" src=\"https:\/\/www.europesays.com\/it\/wp-content\/uploads\/2026\/08\/1787040898-f15633a2-4228-4236-9a84-f7f834241f74.jpg\" width=\"646\" height=\"445\" decoding=\"async\" loading=\"lazy\"\/><\/a>D\u00e9collet\u00e9 a punta in pelle marrone, Stuart Weitzman<\/p>\n","protected":false},"excerpt":{"rendered":"Con il cambio di stagione e l\u2019arrivo di settembre, le d\u00e9collet\u00e9es tornano puntualmente al centro del guardaroba. Dopo&hellip;\n","protected":false},"author":3,"featured_media":641677,"comment_status":"","ping_status":"","sticky":false,"template":"","format":"standard","meta":{"footnotes":"","_share_on_mastodon":"0"},"categories":[174],"tags":[8945,354436,354437,354438,203,204,1537,90,89,354439,354440,354441,354442,5140,1780],"class_list":["post-641676","post","type-post","status-publish","format-standard","has-post-thumbnail","category-intrattenimento","tag-brigitte-macron","tag-decollete-a-punta","tag-decollete-in-pelle","tag-decolletees","tag-entertainment","tag-intrattenimento","tag-it","tag-italia","tag-italy","tag-scarpe-a-punta","tag-scarpe-con-tacco","tag-scarpe-con-tacco-altissimo","tag-scarpe-con-tacco-alto","tag-shopping","tag-traffico"],"share_on_mastodon":{"url":"https:\/\/pubeurope.com\/@it\/117129673043140966","error":""},"_links":{"self":[{"href":"https:\/\/www.europesays.com\/it\/wp-json\/wp\/v2\/posts\/641676","targetHints":{"allow":["GET"]}}],"collection":[{"href":"https:\/\/www.europesays.com\/it\/wp-json\/wp\/v2\/posts"}],"about":[{"href":"https:\/\/www.europesays.com\/it\/wp-json\/wp\/v2\/types\/post"}],"author":[{"embeddable":true,"href":"https:\/\/www.europesays.com\/it\/wp-json\/wp\/v2\/users\/3"}],"replies":[{"embeddable":true,"href":"https:\/\/www.europesays.com\/it\/wp-json\/wp\/v2\/comments?post=641676"}],"version-history":[{"count":0,"href":"https:\/\/www.europesays.com\/it\/wp-json\/wp\/v2\/posts\/641676\/revisions"}],"wp:featuredmedia":[{"embeddable":true,"href":"https:\/\/www.europesays.com\/it\/wp-json\/wp\/v2\/media\/641677"}],"wp:attachment":[{"href":"https:\/\/www.europesays.com\/it\/wp-json\/wp\/v2\/media?parent=641676"}],"wp:term":[{"taxonomy":"category","embeddable":true,"href":"https:\/\/www.europesays.com\/it\/wp-json\/wp\/v2\/categories?post=641676"},{"taxonomy":"post_tag","embeddable":true,"href":"https:\/\/www.europesays.com\/it\/wp-json\/wp\/v2\/tags?post=641676"}],"curies":[{"name":"wp","href":"https:\/\/api.w.org\/{rel}","templated":true}]}}